{"id":17438,"date":"2020-06-18T17:42:28","date_gmt":"2020-06-18T15:42:28","guid":{"rendered":"https:\/\/kodmalopolska.pl\/?p=17438"},"modified":"2020-06-18T17:42:30","modified_gmt":"2020-06-18T15:42:30","slug":"zli-ludzie-felieton-fryderyka-zolla-178","status":"publish","type":"post","link":"https:\/\/kodmalopolska.pl\/?p=17438","title":{"rendered":"\u0179li ludzie. Felieton Fryderyka Zolla (178)"},"content":{"rendered":"\n<p>18.06.2020<\/p>\n\n\n\n<p class=\"has-drop-cap\">W debacie prezydenckiej najbardziej zastanawiaj\u0105cy by\u0142 g\u0142\u00f3wny zamys\u0142: unaoczni\u0107 tym, kt\u00f3rzy nienawidz\u0105 \u201einnych\u201d \u2013 uchod\u017ac\u00f3w, niechrze\u015bcijan lub niewierz\u0105cych, os\u00f3b o odmiennej orientacji seksualnej \u2013 \u017ce przeciwnicy prezydenta Dudy tej nienawi\u015bci nie podzielaj\u0105. W ocenie strateg\u00f3w obecnego prezydenta trzymane pod kontrol\u0105 nienawi\u015b\u0107 i z\u0142o pozwol\u0105 wygra\u0107 wybory. Swoj\u0105 drog\u0105, jak dowodzi przypadek pos\u0142a Czarnka, z t\u0105 kontrol\u0105 mo\u017ce by\u0107 problem: nienawi\u015b\u0107 sama si\u0119 nap\u0119dza i szybko zatruwa ca\u0142e spo\u0142ecze\u0144stwo. W ka\u017cdym razie wida\u0107 tu jasno stawk\u0119 najbli\u017cszych wybor\u00f3w. Duda liczy na wyborc\u00f3w, kt\u00f3rych niesie p\u0142yn\u0105ca z r\u00f3\u017cnych \u017ar\u00f3de\u0142 nienawi\u015b\u0107. Wina w mniejszym stopniu obci\u0105\u017ca nienawidz\u0105cych, a w ogromnym tych, kt\u00f3rzy wykorzystuj\u0105 ludzkie frustracje i niepowodzenia, by skanalizowa\u0107 je w tak\u0105 w\u0142a\u015bnie wrogo\u015b\u0107. Sonda\u017ce jednak drgn\u0119\u0142y i zaczynaj\u0105 pokazywa\u0107, \u017ce ludzi dobrej woli jest wi\u0119cej. Teraz trzeba tylko ca\u0142\u0105 t\u0119 wol\u0119 po\u0142o\u017cy\u0107 na wyborczej szali. Dobro wtedy zwyci\u0119\u017cy. Mocno w to wierz\u0119.<\/p>\n\n\n\n<hr class=\"wp-block-separator\"\/>\n\n\n\n<p><em>Felieton jest wyrazem opinii autora. Nie prezentuje stanowiska ZR Ma\u0142opolskie KOD.<\/em><\/p>\n","protected":false},"excerpt":{"rendered":"<p>18.06.2020 W debacie prezydenckiej najbardziej zastanawiaj\u0105cy by\u0142 g\u0142\u00f3wny zamys\u0142: unaoczni\u0107 tym, kt\u00f3rzy nienawidz\u0105 \u201einnych\u201d \u2013 uchod\u017ac\u00f3w, niechrze\u015bcijan lub niewierz\u0105cych, os\u00f3b [&#8230;]<\/p>\n","protected":false},"author":24,"featured_media":12411,"comment_status":"closed","ping_status":"open","sticky":false,"template":"","format":"standard","meta":{"_EventAllDay":false,"_EventTimezone":"","_EventStartDate":"","_EventEndDate":"","_EventStartDateUTC":"","_EventEndDateUTC":"","_EventShowMap":false,"_EventShowMapLink":false,"_EventURL":"","_EventCost":"","_EventCostDescription":"","_EventCurrencySymbol":"","_EventCurrencyCode":"","_EventCurrencyPosition":"","_EventDateTimeSeparator":"","_EventTimeRangeSeparator":"","_EventOrganizerID":[],"_EventVenueID":[],"_OrganizerEmail":"","_OrganizerPhone":"","_OrganizerWebsite":"","_VenueAddress":"","_VenueCity":"","_VenueCountry":"","_VenueProvince":"","_VenueState":"","_VenueZip":"","_VenuePhone":"","_VenueURL":"","_VenueStateProvince":"","_VenueLat":"","_VenueLng":"","_VenueShowMap":false,"_VenueShowMapLink":false,"footnotes":""},"categories":[596],"tags":[],"class_list":["post-17438","post","type-post","status-publish","format-standard","has-post-thumbnail","hentry","category-felietony","felietony"],"_links":{"self":[{"href":"https:\/\/kodmalopolska.pl\/index.php?rest_route=\/wp\/v2\/posts\/17438","targetHints":{"allow":["GET"]}}],"collection":[{"href":"https:\/\/kodmalopolska.pl\/index.php?rest_route=\/wp\/v2\/posts"}],"about":[{"href":"https:\/\/kodmalopolska.pl\/index.php?rest_route=\/wp\/v2\/types\/post"}],"author":[{"embeddable":true,"href":"https:\/\/kodmalopolska.pl\/index.php?rest_route=\/wp\/v2\/users\/24"}],"replies":[{"embeddable":true,"href":"https:\/\/kodmalopolska.pl\/index.php?rest_route=%2Fwp%2Fv2%2Fcomments&post=17438"}],"version-history":[{"count":0,"href":"https:\/\/kodmalopolska.pl\/index.php?rest_route=\/wp\/v2\/posts\/17438\/revisions"}],"wp:featuredmedia":[{"embeddable":true,"href":"https:\/\/kodmalopolska.pl\/index.php?rest_route=\/wp\/v2\/media\/12411"}],"wp:attachment":[{"href":"https:\/\/kodmalopolska.pl\/index.php?rest_route=%2Fwp%2Fv2%2Fmedia&parent=17438"}],"wp:term":[{"taxonomy":"category","embeddable":true,"href":"https:\/\/kodmalopolska.pl\/index.php?rest_route=%2Fwp%2Fv2%2Fcategories&post=17438"},{"taxonomy":"post_tag","embeddable":true,"href":"https:\/\/kodmalopolska.pl\/index.php?rest_route=%2Fwp%2Fv2%2Ftags&post=17438"}],"curies":[{"name":"wp","href":"https:\/\/api.w.org\/{rel}","templated":true}]}}