{"id":16877,"date":"2020-05-08T21:13:44","date_gmt":"2020-05-08T19:13:44","guid":{"rendered":"https:\/\/kodmalopolska.pl\/?p=16877"},"modified":"2020-05-08T21:13:47","modified_gmt":"2020-05-08T19:13:47","slug":"cisza-wyborcza-felieton-fryderyka-zolla-157","status":"publish","type":"post","link":"https:\/\/kodmalopolska.pl\/?p=16877","title":{"rendered":"Cisza wyborcza. Felieton Fryderyka Zolla (157)"},"content":{"rendered":"\n<p>8.05.2020<\/p>\n\n\n\n<p class=\"has-drop-cap\">Weszli\u015bmy w nowe stadium naszego pa\u0144stwowego bytowania. W niedziel\u0119 s\u0105 wybory. Pa\u0144stwo PiS\u2011u zorganizowa\u0142o je tak, jak zarz\u0105dza Polsk\u0105. Dokonamy w niedziel\u0119 wyboru, podobnie jak Trybuna\u0142 Konstytucyjny sprawuje swoje funkcje, a prezydent Duda samodzielnie wype\u0142nia swoje zadania. Te niedzielne wybory s\u0105, paradoksalnie, bardzo wa\u017cnym wydarzeniem historycznym. Pokazuj\u0105, jak funkcjonuje nasze pa\u0144stwo. \u201eTo przez opozycj\u0119\u201d \u2013 grzmi w\u0142adza. Nie, to wynik zaniechania legislacyjnego, jakim jest niewykonanie konstytucyjnego obowi\u0105zku wprowadzenia stanu kl\u0119ski \u017cywio\u0142owej, obci\u0105\u017caj\u0105ce jedynie rz\u0105d. Dwaj pos\u0142owie dogadali si\u0119 co do zasad kontynuowania bezprawia, formu\u0142uj\u0105c oczekiwania wobec S\u0105du Najwy\u017cszego. Orzeka\u0107 o tym b\u0119d\u0105 s\u0119dziowie bez prawa orzekania. Sejm jest tabletowy, Trybuna\u0142 Konstytucyjny to atrapa, a prezydent to podpisywacz z\u0142ama\u0144 konstytucji pogardzany przez prezesa partii, z kt\u00f3rej si\u0119 wywodzi, w przysz\u0142o\u015bci za\u015b poci\u0105gni\u0119ty do odpowiedzialno\u015bci kozio\u0142 ofiarny pa\u0144stwa PiS\u2011u. S\u0105dem Najwy\u017cszym rz\u0105dzi cz\u0142owiek niekonstytucyjnie uczyniony s\u0119dzi\u0105. A my, obywatele Rzeczypospolitej, w niedziel\u0119 mamy wybory. Takie, na jakie zas\u0142u\u017cyli\u015bmy, dopuszczaj\u0105c PiS do w\u0142adzy. Dobrze nam tak.<\/p>\n\n\n\n<hr class=\"wp-block-separator\"\/>\n\n\n\n<p><em>Felieton jest wyrazem opinii autora. Nie prezentuje stanowiska ZR Ma\u0142opolskie KOD.<\/em><\/p>\n","protected":false},"excerpt":{"rendered":"<p>8.05.2020 Weszli\u015bmy w nowe stadium naszego pa\u0144stwowego bytowania. W niedziel\u0119 s\u0105 wybory. Pa\u0144stwo PiS\u2011u zorganizowa\u0142o je tak, jak zarz\u0105dza Polsk\u0105. [&#8230;]<\/p>\n","protected":false},"author":24,"featured_media":12411,"comment_status":"closed","ping_status":"open","sticky":false,"template":"","format":"standard","meta":{"_EventAllDay":false,"_EventTimezone":"","_EventStartDate":"","_EventEndDate":"","_EventStartDateUTC":"","_EventEndDateUTC":"","_EventShowMap":false,"_EventShowMapLink":false,"_EventURL":"","_EventCost":"","_EventCostDescription":"","_EventCurrencySymbol":"","_EventCurrencyCode":"","_EventCurrencyPosition":"","_EventDateTimeSeparator":"","_EventTimeRangeSeparator":"","_EventOrganizerID":[],"_EventVenueID":[],"_OrganizerEmail":"","_OrganizerPhone":"","_OrganizerWebsite":"","_VenueAddress":"","_VenueCity":"","_VenueCountry":"","_VenueProvince":"","_VenueState":"","_VenueZip":"","_VenuePhone":"","_VenueURL":"","_VenueStateProvince":"","_VenueLat":"","_VenueLng":"","_VenueShowMap":false,"_VenueShowMapLink":false,"footnotes":""},"categories":[28,596],"tags":[],"class_list":["post-16877","post","type-post","status-publish","format-standard","has-post-thumbnail","hentry","category-malopolskie-news","category-felietony","malopolskie-news","felietony"],"_links":{"self":[{"href":"https:\/\/kodmalopolska.pl\/index.php?rest_route=\/wp\/v2\/posts\/16877","targetHints":{"allow":["GET"]}}],"collection":[{"href":"https:\/\/kodmalopolska.pl\/index.php?rest_route=\/wp\/v2\/posts"}],"about":[{"href":"https:\/\/kodmalopolska.pl\/index.php?rest_route=\/wp\/v2\/types\/post"}],"author":[{"embeddable":true,"href":"https:\/\/kodmalopolska.pl\/index.php?rest_route=\/wp\/v2\/users\/24"}],"replies":[{"embeddable":true,"href":"https:\/\/kodmalopolska.pl\/index.php?rest_route=%2Fwp%2Fv2%2Fcomments&post=16877"}],"version-history":[{"count":0,"href":"https:\/\/kodmalopolska.pl\/index.php?rest_route=\/wp\/v2\/posts\/16877\/revisions"}],"wp:featuredmedia":[{"embeddable":true,"href":"https:\/\/kodmalopolska.pl\/index.php?rest_route=\/wp\/v2\/media\/12411"}],"wp:attachment":[{"href":"https:\/\/kodmalopolska.pl\/index.php?rest_route=%2Fwp%2Fv2%2Fmedia&parent=16877"}],"wp:term":[{"taxonomy":"category","embeddable":true,"href":"https:\/\/kodmalopolska.pl\/index.php?rest_route=%2Fwp%2Fv2%2Fcategories&post=16877"},{"taxonomy":"post_tag","embeddable":true,"href":"https:\/\/kodmalopolska.pl\/index.php?rest_route=%2Fwp%2Fv2%2Ftags&post=16877"}],"curies":[{"name":"wp","href":"https:\/\/api.w.org\/{rel}","templated":true}]}}