{"id":16721,"date":"2020-05-02T18:14:08","date_gmt":"2020-05-02T16:14:08","guid":{"rendered":"https:\/\/kodmalopolska.pl\/?p=16721"},"modified":"2020-05-04T19:35:02","modified_gmt":"2020-05-04T17:35:02","slug":"odszedl-tadeusz-kus","status":"publish","type":"post","link":"https:\/\/kodmalopolska.pl\/?p=16721","title":{"rendered":"Odszed\u0142 Tadeusz Ku\u015b [*]"},"content":{"rendered":"\n<p>Z ogromnym \u017calem informujemy, \u017ce 2 maja, po wielomiesi\u0119cznej walce z chorob\u0105, zmar\u0142 Tadeusz Ku\u015b.<\/p>\n\n\n\n<p>Jeden z najaktywniejszych  dzia\u0142aczy prodemokratycznych w Polsce, by\u0142y wiceprzewodnicz\u0105cy KOD  Ma\u0142opolskie, wsp\u00f3\u0142za\u0142o\u017cyciel i przewodnicz\u0105cy oswi\u0119cimisko-chrzanowskiej grupy lokalnej. <\/p>\n\n\n\n<p>Trudno co\u015b wi\u0119cej w takiej chwili napisa\u0107, cho\u0107 wiele, wiele trzeba by opowiedzie\u0107. <\/p>\n\n\n\n<p><strong>Odpoczywaj w pokoju, Tadku!<\/strong><\/p>\n\n\n\n<p>Pogrzeb odb\u0119dzie si\u0119 6 maja (\u015broda) o godz. 14:00 w O\u015bwi\u0119cimiu, ul. Wiklinowa 5. <br \/>Transmisja b\u0119dzie dost\u0119pna na <a href=\"http:\/\/facebook.com\/groups\/KOD.Malopolskie\">facebook.com\/groups\/KOD.Malopolskie<\/a><\/p>\n\n\n\n<figure class=\"wp-block-embed-facebook wp-block-embed is-type-video is-provider-facebook\"><div class=\"wp-block-embed__wrapper\">\n<div id=\"fb-root\"><\/div><script async=\"1\" defer=\"1\" crossorigin=\"anonymous\" src=\"https:\/\/connect.facebook.net\/pl_PL\/sdk.js#xfbml=1&amp;version=v6.0\"><\/script><div class=\"fb-video\" data-href=\"https:\/\/www.facebook.com\/KODMalopolskie\/videos\/3466121880083155\/\" data-width=\"1180\"><blockquote cite=\"https:\/\/www.facebook.com\/KODMalopolskie\/videos\/3466121880083155\/\" class=\"fb-xfbml-parse-ignore\"><a href=\"https:\/\/www.facebook.com\/KODMalopolskie\/videos\/3466121880083155\/\"><\/a><p>Tadeusz Ku\u015b1960 &#8211; 2020?film: Z. Wagner<\/p>Opublikowany przez <a href=\"https:\/\/www.facebook.com\/KODMalopolskie\/\">KOD_Ma\u0142opolskie<\/a> Niedziela, 3 maja 2020<\/blockquote><\/div>\n<\/div><figcaption>film: Z. Wagner<\/figcaption><\/figure>\n\n\n\n<p><a href=\"https:\/\/zakodowani.blogspot.com\/2020\/05\/tadeusz-odszed.html\">https:\/\/zakodowani.blogspot.com\/2020\/05\/tadeusz-odszed.html<\/a><\/p>\n\n\n\n<p><em>fot. artyku\u0142u: G. Borys<\/em><\/p>\n","protected":false},"excerpt":{"rendered":"<p>Z ogromnym \u017calem informujemy, \u017ce 2 maja, po wielomiesi\u0119cznej walce z chorob\u0105, zmar\u0142 Tadeusz Ku\u015b. Jeden z najaktywniejszych dzia\u0142aczy prodemokratycznych [&#8230;]<\/p>\n","protected":false},"author":24,"featured_media":16722,"comment_status":"closed","ping_status":"open","sticky":false,"template":"","format":"standard","meta":{"_EventAllDay":false,"_EventTimezone":"","_EventStartDate":"","_EventEndDate":"","_EventStartDateUTC":"","_EventEndDateUTC":"","_EventShowMap":false,"_EventShowMapLink":false,"_EventURL":"","_EventCost":"","_EventCostDescription":"","_EventCurrencySymbol":"","_EventCurrencyCode":"","_EventCurrencyPosition":"","_EventDateTimeSeparator":"","_EventTimeRangeSeparator":"","_EventOrganizerID":[],"_EventVenueID":[],"_OrganizerEmail":"","_OrganizerPhone":"","_OrganizerWebsite":"","_VenueAddress":"","_VenueCity":"","_VenueCountry":"","_VenueProvince":"","_VenueState":"","_VenueZip":"","_VenuePhone":"","_VenueURL":"","_VenueStateProvince":"","_VenueLat":"","_VenueLng":"","_VenueShowMap":false,"_VenueShowMapLink":false,"footnotes":""},"categories":[28],"tags":[],"class_list":["post-16721","post","type-post","status-publish","format-standard","has-post-thumbnail","hentry","category-malopolskie-news","malopolskie-news"],"_links":{"self":[{"href":"https:\/\/kodmalopolska.pl\/index.php?rest_route=\/wp\/v2\/posts\/16721","targetHints":{"allow":["GET"]}}],"collection":[{"href":"https:\/\/kodmalopolska.pl\/index.php?rest_route=\/wp\/v2\/posts"}],"about":[{"href":"https:\/\/kodmalopolska.pl\/index.php?rest_route=\/wp\/v2\/types\/post"}],"author":[{"embeddable":true,"href":"https:\/\/kodmalopolska.pl\/index.php?rest_route=\/wp\/v2\/users\/24"}],"replies":[{"embeddable":true,"href":"https:\/\/kodmalopolska.pl\/index.php?rest_route=%2Fwp%2Fv2%2Fcomments&post=16721"}],"version-history":[{"count":0,"href":"https:\/\/kodmalopolska.pl\/index.php?rest_route=\/wp\/v2\/posts\/16721\/revisions"}],"wp:featuredmedia":[{"embeddable":true,"href":"https:\/\/kodmalopolska.pl\/index.php?rest_route=\/wp\/v2\/media\/16722"}],"wp:attachment":[{"href":"https:\/\/kodmalopolska.pl\/index.php?rest_route=%2Fwp%2Fv2%2Fmedia&parent=16721"}],"wp:term":[{"taxonomy":"category","embeddable":true,"href":"https:\/\/kodmalopolska.pl\/index.php?rest_route=%2Fwp%2Fv2%2Fcategories&post=16721"},{"taxonomy":"post_tag","embeddable":true,"href":"https:\/\/kodmalopolska.pl\/index.php?rest_route=%2Fwp%2Fv2%2Ftags&post=16721"}],"curies":[{"name":"wp","href":"https:\/\/api.w.org\/{rel}","templated":true}]}}