{"id":16703,"date":"2020-05-01T18:12:33","date_gmt":"2020-05-01T16:12:33","guid":{"rendered":"https:\/\/kodmalopolska.pl\/?p=16703"},"modified":"2020-05-01T18:12:36","modified_gmt":"2020-05-01T16:12:36","slug":"proba-delegalizacji-sadu-najwyzszego-felieton-fryderyka-zolla-152","status":"publish","type":"post","link":"https:\/\/kodmalopolska.pl\/?p=16703","title":{"rendered":"Pr\u00f3ba delegalizacji S\u0105du Najwy\u017cszego. Felieton Fryderyka Zolla (152)"},"content":{"rendered":"\n<p>1.05.2020<\/p>\n\n\n\n<p class=\"has-drop-cap\">Prezydent Duda, nie czekaj\u0105c na up\u0142yw kadencji pierwszej prezes (jaki dobrze wychowany ch\u0142opczyk z inteligenckiego Krakowa!), powo\u0142a\u0142 na komisarza S\u0105du Najwy\u017cszego osob\u0119, kt\u00f3ra w my\u015bl uchwa\u0142y po\u0142\u0105czonych Izb S\u0105du Najwy\u017cszego jest pozbawiona prawa do orzekania i do wykonywania funkcji s\u0119dziowskich. Osob\u0119 t\u0119 bowiem powo\u0142ano na stanowisko s\u0119dziego SN z naruszeniem Konstytucji w trybie przed neo\u2011KRS. Nie zamierzam si\u0119 tu rozwodzi\u0107 nad komisarzem, bezsprzecznie wybitnym cywilist\u0105, kt\u00f3rego ambicja przegna\u0142a ze \u015bwiata uniwersytetu w \u015bwiat bardzo w\u0105tpliwych wybor\u00f3w. Zamiast przej\u015b\u0107 do historii jako znakomity profesor, b\u0119dzie negatywnym przypisem do zmaga\u0144 o uratowanie pa\u0144stwa prawa w Polsce. Trudno. Ka\u017cdy z nas ma woln\u0105 wol\u0119. Je\u015bli natomiast chodzi o Dud\u0119, nominacja komisarza to zakpienie sobie z polskiego pa\u0144stwa i zademonstrowanie ca\u0142kowitej uleg\u0142o\u015bci wobec Ziobry. Zaczynaj\u0105 si\u0119 rz\u0105dy Ziobry w S\u0105dzie Najwy\u017cszym. Od pos\u0142\u00f3w, w du\u017cej mierze od Gowina i jego formacji, zale\u017cy, czy rz\u0105dy te zniszcz\u0105 w naszym kraju ide\u0119 s\u0105du jako sposobu rozstrzygania spor\u00f3w i czy powr\u00f3cimy do swojskiej metody zajazdu. Otwiera si\u0119 jednak okienko szansy na zako\u0144czenie tej dewastacji. Wykorzystajcie to, pos\u0142owie Rzeczypospolitej. W przeciwnym razie nikt was ju\u017c o nic nie b\u0119dzie pyta\u0142. <br \/> P.S. Dzi\u015b rocznica wst\u0105pienia Polski do Unii. Mo\u017ce si\u0119 okaza\u0107, \u017ce zapami\u0119tamy ten dzie\u0144 jako rocznic\u0119 wielkiej szansy, kt\u00f3r\u0105 zmarnowali\u015bmy bezprzyk\u0142adnie.  Dlatego nie chc\u0119 pisa\u0107 o tym \u015bwi\u0119cie, bo troch\u0119 \u015bciska gard\u0142o. Ale jeszcze pozostaje otwarta w\u0105ziutka szczelina w oknie szansy. Jeszcze przez chwil\u0119\u2026<\/p>\n\n\n\n<hr class=\"wp-block-separator\"\/>\n\n\n\n<p><em>Felieton jest wyrazem opinii autora. Nie prezentuje stanowiska ZR Ma\u0142opolskie KOD.<\/em><\/p>\n","protected":false},"excerpt":{"rendered":"<p>1.05.2020 Prezydent Duda, nie czekaj\u0105c na up\u0142yw kadencji pierwszej prezes (jaki dobrze wychowany ch\u0142opczyk z inteligenckiego Krakowa!), powo\u0142a\u0142 na komisarza [&#8230;]<\/p>\n","protected":false},"author":24,"featured_media":12411,"comment_status":"closed","ping_status":"open","sticky":false,"template":"","format":"standard","meta":{"_EventAllDay":false,"_EventTimezone":"","_EventStartDate":"","_EventEndDate":"","_EventStartDateUTC":"","_EventEndDateUTC":"","_EventShowMap":false,"_EventShowMapLink":false,"_EventURL":"","_EventCost":"","_EventCostDescription":"","_EventCurrencySymbol":"","_EventCurrencyCode":"","_EventCurrencyPosition":"","_EventDateTimeSeparator":"","_EventTimeRangeSeparator":"","_EventOrganizerID":[],"_EventVenueID":[],"_OrganizerEmail":"","_OrganizerPhone":"","_OrganizerWebsite":"","_VenueAddress":"","_VenueCity":"","_VenueCountry":"","_VenueProvince":"","_VenueState":"","_VenueZip":"","_VenuePhone":"","_VenueURL":"","_VenueStateProvince":"","_VenueLat":"","_VenueLng":"","_VenueShowMap":false,"_VenueShowMapLink":false,"footnotes":""},"categories":[596],"tags":[],"class_list":["post-16703","post","type-post","status-publish","format-standard","has-post-thumbnail","hentry","category-felietony","felietony"],"_links":{"self":[{"href":"https:\/\/kodmalopolska.pl\/index.php?rest_route=\/wp\/v2\/posts\/16703","targetHints":{"allow":["GET"]}}],"collection":[{"href":"https:\/\/kodmalopolska.pl\/index.php?rest_route=\/wp\/v2\/posts"}],"about":[{"href":"https:\/\/kodmalopolska.pl\/index.php?rest_route=\/wp\/v2\/types\/post"}],"author":[{"embeddable":true,"href":"https:\/\/kodmalopolska.pl\/index.php?rest_route=\/wp\/v2\/users\/24"}],"replies":[{"embeddable":true,"href":"https:\/\/kodmalopolska.pl\/index.php?rest_route=%2Fwp%2Fv2%2Fcomments&post=16703"}],"version-history":[{"count":0,"href":"https:\/\/kodmalopolska.pl\/index.php?rest_route=\/wp\/v2\/posts\/16703\/revisions"}],"wp:featuredmedia":[{"embeddable":true,"href":"https:\/\/kodmalopolska.pl\/index.php?rest_route=\/wp\/v2\/media\/12411"}],"wp:attachment":[{"href":"https:\/\/kodmalopolska.pl\/index.php?rest_route=%2Fwp%2Fv2%2Fmedia&parent=16703"}],"wp:term":[{"taxonomy":"category","embeddable":true,"href":"https:\/\/kodmalopolska.pl\/index.php?rest_route=%2Fwp%2Fv2%2Fcategories&post=16703"},{"taxonomy":"post_tag","embeddable":true,"href":"https:\/\/kodmalopolska.pl\/index.php?rest_route=%2Fwp%2Fv2%2Ftags&post=16703"}],"curies":[{"name":"wp","href":"https:\/\/api.w.org\/{rel}","templated":true}]}}