{"id":16687,"date":"2020-04-30T11:44:40","date_gmt":"2020-04-30T09:44:40","guid":{"rendered":"https:\/\/kodmalopolska.pl\/?p=16687"},"modified":"2020-04-30T11:44:50","modified_gmt":"2020-04-30T09:44:50","slug":"pozegnanie-felieton-fryderyka-zolla-151","status":"publish","type":"post","link":"https:\/\/kodmalopolska.pl\/?p=16687","title":{"rendered":"Po\u017cegnanie. Felieton Fryderyka Zolla (151)"},"content":{"rendered":"\n<p>30.04.2020<\/p>\n\n\n\n<p class=\"has-drop-cap\">Dzi\u015b odchodzi pierwsza prezes S\u0105du Najwy\u017cszego. Rozpoczyna si\u0119 bardzo trudny okres. S\u0105d Najwy\u017cszy mimo r\u00f3\u017cnych b\u0142\u0119d\u00f3w i zawaha\u0144 by\u0142 twierdz\u0105 pa\u0144stwa prawa. Teraz grozi mu scenariusz zrealizowany przez PiS w Trybunale Konstytucyjnym, cho\u0107 zastosowanie go tutaj, w instytucji bardziej z\u0142o\u017conej i liczniejszej, przysporzy\u0142oby zapewne wi\u0119cej k\u0142opotu. S\u0105d Najwy\u017cszy ma tak\u017ce wbudowan\u0105 bomb\u0119 w postaci pseudoizby dyscyplinarnej z pseudos\u0119dziami oraz stanowi\u0105c\u0105 nieco mniejszy problem Izb\u0119 Kontroli Nadzwyczajnej i Spraw Publicznych. Potencjalnie przed obywatelami Rzeczypospolitej otwiera si\u0119 nowa przepa\u015b\u0107. Mo\u017ce jednak by\u0107 i tak, \u017ce nasza klasa polityczna dojrzeje i stanie na wysoko\u015bci zadania. Mo\u017ce Sejm sprosta swojej roli i po\u017cegna pani\u0105 marsza\u0142ek Witek, tworz\u0105c warunki do tego, by zacz\u0105\u0107 odwraca\u0107 trwaj\u0105cy ju\u017c od kilku lat demonta\u017c pa\u0144stwa. Nie ma to wprawdzie bezpo\u015bredniego wp\u0142ywu na sytuacj\u0119 w S\u0105dzie Najwy\u017cszym, ale wp\u0142yw po\u015bredni ma ogromny. Zatrzyma si\u0119 ca\u0142y dewastuj\u0105cy proces technologiczny. Czas ku temu najwy\u017cszy. Komisja Europejska wszcz\u0119\u0142a kolejne post\u0119powanie przeciw Polsce, tym razem w sprawie ustaw s\u0105dowych z lutego. Zapomnieli\u015bmy o nich, ale s\u0105 i niszcz\u0105 Polski wymiar sprawiedliwo\u015bci. Trzeba to przerwa\u0107 za wszelk\u0105 cen\u0119. Si\u0142y opozycyjne powinny si\u0119 zdecydowa\u0107 na pr\u00f3b\u0119 utworzenia rz\u0105du. Powinien to by\u0107 rz\u0105d popierany przez wszystkie si\u0142y niepisowskie, ale technokratyczny, z mandatem do przeprowadzenia Polski przez kryzys i zorganizowania wybor\u00f3w parlamentarnych. Przejmowanie ster\u00f3w pa\u0144stwa w kryzysie to du\u017ce ryzyko, Polska jednak nie mo\u017ce sobie pozwoli\u0107 na dalsze niszczenie wymiaru sprawiedliwo\u015bci. Warto przy tym pami\u0119ta\u0107, \u017ce gdyby dosz\u0142o do zmiany wi\u0119kszo\u015bci w Sejmie, musi to oznacza\u0107 przynajmniej wotum nieufno\u015bci dla Ziobry i usuni\u0119cie go z urz\u0119du. Trzeba przywr\u00f3ci\u0107 Ministerstwu Sprawiedliwo\u015bci jego funkcj\u0119. Nie mo\u017ce ono by\u0107 rozsadnikiem nieprawo\u015bci, bo to zatruwa pa\u0144stwo. Pierwsza prezes odchodzi. Najbli\u017csze tygodnie poka\u017c\u0105, czy zacznie si\u0119 zatapianie S\u0105du Najwy\u017cszego czy mo\u017ce uda\u0142o nam si\u0119 dop\u0142yn\u0105\u0107 do drugiego brzegu. Na razie trudno rozezna\u0107 si\u0119 we mgle, ale je\u015bli pos\u0142owie stan\u0105 na wysoko\u015bci zadania, mo\u017ce poczujemy grunt pod stopami.<\/p>\n\n\n\n<hr class=\"wp-block-separator\"\/>\n\n\n\n<p><em>Felieton jest wyrazem opinii autora. Nie prezentuje stanowiska ZR Ma\u0142opolskie KOD.<\/em><\/p>\n","protected":false},"excerpt":{"rendered":"<p>30.04.2020 Dzi\u015b odchodzi pierwsza prezes S\u0105du Najwy\u017cszego. Rozpoczyna si\u0119 bardzo trudny okres. S\u0105d Najwy\u017cszy mimo r\u00f3\u017cnych b\u0142\u0119d\u00f3w i zawaha\u0144 by\u0142 [&#8230;]<\/p>\n","protected":false},"author":24,"featured_media":12411,"comment_status":"closed","ping_status":"open","sticky":false,"template":"","format":"standard","meta":{"_EventAllDay":false,"_EventTimezone":"","_EventStartDate":"","_EventEndDate":"","_EventStartDateUTC":"","_EventEndDateUTC":"","_EventShowMap":false,"_EventShowMapLink":false,"_EventURL":"","_EventCost":"","_EventCostDescription":"","_EventCurrencySymbol":"","_EventCurrencyCode":"","_EventCurrencyPosition":"","_EventDateTimeSeparator":"","_EventTimeRangeSeparator":"","_EventOrganizerID":[],"_EventVenueID":[],"_OrganizerEmail":"","_OrganizerPhone":"","_OrganizerWebsite":"","_VenueAddress":"","_VenueCity":"","_VenueCountry":"","_VenueProvince":"","_VenueState":"","_VenueZip":"","_VenuePhone":"","_VenueURL":"","_VenueStateProvince":"","_VenueLat":"","_VenueLng":"","_VenueShowMap":false,"_VenueShowMapLink":false,"footnotes":""},"categories":[596],"tags":[],"class_list":["post-16687","post","type-post","status-publish","format-standard","has-post-thumbnail","hentry","category-felietony","felietony"],"_links":{"self":[{"href":"https:\/\/kodmalopolska.pl\/index.php?rest_route=\/wp\/v2\/posts\/16687","targetHints":{"allow":["GET"]}}],"collection":[{"href":"https:\/\/kodmalopolska.pl\/index.php?rest_route=\/wp\/v2\/posts"}],"about":[{"href":"https:\/\/kodmalopolska.pl\/index.php?rest_route=\/wp\/v2\/types\/post"}],"author":[{"embeddable":true,"href":"https:\/\/kodmalopolska.pl\/index.php?rest_route=\/wp\/v2\/users\/24"}],"replies":[{"embeddable":true,"href":"https:\/\/kodmalopolska.pl\/index.php?rest_route=%2Fwp%2Fv2%2Fcomments&post=16687"}],"version-history":[{"count":0,"href":"https:\/\/kodmalopolska.pl\/index.php?rest_route=\/wp\/v2\/posts\/16687\/revisions"}],"wp:featuredmedia":[{"embeddable":true,"href":"https:\/\/kodmalopolska.pl\/index.php?rest_route=\/wp\/v2\/media\/12411"}],"wp:attachment":[{"href":"https:\/\/kodmalopolska.pl\/index.php?rest_route=%2Fwp%2Fv2%2Fmedia&parent=16687"}],"wp:term":[{"taxonomy":"category","embeddable":true,"href":"https:\/\/kodmalopolska.pl\/index.php?rest_route=%2Fwp%2Fv2%2Fcategories&post=16687"},{"taxonomy":"post_tag","embeddable":true,"href":"https:\/\/kodmalopolska.pl\/index.php?rest_route=%2Fwp%2Fv2%2Ftags&post=16687"}],"curies":[{"name":"wp","href":"https:\/\/api.w.org\/{rel}","templated":true}]}}