{"id":16655,"date":"2020-04-27T19:52:53","date_gmt":"2020-04-27T17:52:53","guid":{"rendered":"https:\/\/kodmalopolska.pl\/?p=16655"},"modified":"2020-04-27T19:52:59","modified_gmt":"2020-04-27T17:52:59","slug":"wznowic-sledztwo-prokurator-wrzosek","status":"publish","type":"post","link":"https:\/\/kodmalopolska.pl\/?p=16655","title":{"rendered":"Wznowi\u0107 \u015bledztwo prokurator Wrzosek"},"content":{"rendered":"\n<h4 class=\"wp-block-heading\">Komitet Obrony Demokracji wyra\u017ca s\u0142owa najwy\u017cszego szacunku i wsparcia dla pani prokurator Ewy Wrzosek, kt\u00f3rej postawa dodaje otuchy tym wszystkim, kt\u00f3rzy od ponad czterech lat protestuj\u0105 przeciw \u0142amaniu prawa i niszczeniu demokracji.<\/h4>\n\n\n\n<p>Nasta\u0142y czasy, w kt\u00f3rych odwag\u0105 jest sumienne wykonywanie obowi\u0105zk\u00f3w,\n wierno\u015b\u0107 rocie przysi\u0119gi czy \u015blubowania. Jednak\u017ce wiatr historii \nzmiecie oportunist\u00f3w, partyjnych nominat\u00f3w, k\u0142amc\u00f3w, tch\u00f3rzy i nikt \n(poza mamy nadziej\u0119 rejestrem skazanych)\n nie b\u0119dzie o nich pami\u0119ta\u0142. W spo\u0142ecznej pami\u0119ci pozostan\u0105 ludzie, \nkt\u00f3rzy w trudnym czasie zachowywali si\u0119 przyzwoicie jak: Ewa Wrzosek, \nIgor Tuleya, Pawe\u0142 Juszczyszyn. Bo nazwisko ma si\u0119 jedno.<\/p>\n\n\n\n<p>Nie godzimy si\u0119 na to skandaliczne umorzenie \u015bledztwa i wraz z \nObywatelami RP wzywamy wszystkich do sk\u0142adania za\u017cale\u0144 dla ekspresowe \numorzenie \u015bledztwa wszcz\u0119tego przed prokurator Ew\u0119 Wrzosek.<\/p>\n\n\n\n<p><strong>Pobierz szkic za\u017calenia i&nbsp;wy\u015blij go e-mailem<\/strong>&nbsp;na&nbsp;adres&nbsp;<a href=\"mailto:prokuratura.mokotow@warszawa.po.gov.pl\" target=\"_blank\" rel=\"noreferrer noopener\">prokuratura.mokotow@warszawa.po.gov.pl<\/a>&nbsp;(wz\u00f3r\n opracowany przez&nbsp;Krzysztofa Parchimowicza). Wpisz swoje imi\u0119 \ni&nbsp;nazwisko, oraz&nbsp;w&nbsp;razie potrzeby zmie\u0144 rodzaj gramatyczny w&nbsp;zaznaczonym\n miejscu. Wa\u017cne:&nbsp;<strong>nale\u017cy to zrobi\u0107 do 30 kwietnia!&nbsp; <\/strong><\/p>\n\n\n\n<p>Wz\u00f3r do pobrania<strong><a href=\"https:\/\/ruchkod.pl\/wp-content\/uploads\/2020\/04\/za\u017calenie-PR-Mokot\u00f3w.docx\"> TUTAJ<\/a>&nbsp;<\/strong><\/p>\n\n\n\n<p>Po&nbsp;wys\u0142aniu e-maila jak najszybciej&nbsp;<strong>wydrukuj tekst za\u017calenia, podpisz odr\u0119cznie i&nbsp;wy\u015blij tradycyjn\u0105 poczt\u0105 na&nbsp;adres<\/strong>:<\/p>\n\n\n\n<p>Prokuratura Rejonowa Warszawa\u2013Mokot\u00f3w<br \/>\nul.&nbsp;Wiktorska 91a<br \/>\n02\u2013582&nbsp;Warszawa<\/p>\n","protected":false},"excerpt":{"rendered":"<p>Komitet Obrony Demokracji wyra\u017ca s\u0142owa najwy\u017cszego szacunku i wsparcia dla pani prokurator Ewy Wrzosek, kt\u00f3rej postawa dodaje otuchy tym wszystkim, [&#8230;]<\/p>\n","protected":false},"author":24,"featured_media":16656,"comment_status":"closed","ping_status":"open","sticky":false,"template":"","format":"standard","meta":{"_EventAllDay":false,"_EventTimezone":"","_EventStartDate":"","_EventEndDate":"","_EventStartDateUTC":"","_EventEndDateUTC":"","_EventShowMap":false,"_EventShowMapLink":false,"_EventURL":"","_EventCost":"","_EventCostDescription":"","_EventCurrencySymbol":"","_EventCurrencyCode":"","_EventCurrencyPosition":"","_EventDateTimeSeparator":"","_EventTimeRangeSeparator":"","_EventOrganizerID":[],"_EventVenueID":[],"_OrganizerEmail":"","_OrganizerPhone":"","_OrganizerWebsite":"","_VenueAddress":"","_VenueCity":"","_VenueCountry":"","_VenueProvince":"","_VenueState":"","_VenueZip":"","_VenuePhone":"","_VenueURL":"","_VenueStateProvince":"","_VenueLat":"","_VenueLng":"","_VenueShowMap":false,"_VenueShowMapLink":false,"footnotes":""},"categories":[28],"tags":[],"class_list":["post-16655","post","type-post","status-publish","format-standard","has-post-thumbnail","hentry","category-malopolskie-news","malopolskie-news"],"_links":{"self":[{"href":"https:\/\/kodmalopolska.pl\/index.php?rest_route=\/wp\/v2\/posts\/16655","targetHints":{"allow":["GET"]}}],"collection":[{"href":"https:\/\/kodmalopolska.pl\/index.php?rest_route=\/wp\/v2\/posts"}],"about":[{"href":"https:\/\/kodmalopolska.pl\/index.php?rest_route=\/wp\/v2\/types\/post"}],"author":[{"embeddable":true,"href":"https:\/\/kodmalopolska.pl\/index.php?rest_route=\/wp\/v2\/users\/24"}],"replies":[{"embeddable":true,"href":"https:\/\/kodmalopolska.pl\/index.php?rest_route=%2Fwp%2Fv2%2Fcomments&post=16655"}],"version-history":[{"count":0,"href":"https:\/\/kodmalopolska.pl\/index.php?rest_route=\/wp\/v2\/posts\/16655\/revisions"}],"wp:featuredmedia":[{"embeddable":true,"href":"https:\/\/kodmalopolska.pl\/index.php?rest_route=\/wp\/v2\/media\/16656"}],"wp:attachment":[{"href":"https:\/\/kodmalopolska.pl\/index.php?rest_route=%2Fwp%2Fv2%2Fmedia&parent=16655"}],"wp:term":[{"taxonomy":"category","embeddable":true,"href":"https:\/\/kodmalopolska.pl\/index.php?rest_route=%2Fwp%2Fv2%2Fcategories&post=16655"},{"taxonomy":"post_tag","embeddable":true,"href":"https:\/\/kodmalopolska.pl\/index.php?rest_route=%2Fwp%2Fv2%2Ftags&post=16655"}],"curies":[{"name":"wp","href":"https:\/\/api.w.org\/{rel}","templated":true}]}}