{"id":16586,"date":"2020-04-25T13:05:30","date_gmt":"2020-04-25T11:05:30","guid":{"rendered":"https:\/\/kodmalopolska.pl\/?p=16586"},"modified":"2021-11-22T21:31:53","modified_gmt":"2021-11-22T20:31:53","slug":"mrok-felieton-andrzeja-kowalczyka-10","status":"publish","type":"post","link":"https:\/\/kodmalopolska.pl\/?p=16586","title":{"rendered":"Mrok. Felieton Andrzeja Kowalczyka (10)"},"content":{"rendered":"\n<p>25.04.2020<\/p>\n\n\n\n<p class=\"has-drop-cap\">\u201eNoc by\u0142a czarna jak sumienie faszysty\u201d, gdy zamaskowany Jaros\u0142aw Kaczy\u0144ski otula\u0142 si\u0119 mrokiem krakowskiej ulicy. Ko\u0144czy\u0142 w\u0142a\u015bnie niedzieln\u0105 narad\u0119 z partyjnymi kamratami w cieniu wawelskiego mauzoleum swego brata, ofiary \u201emord zdradzieckich\u201d. Twarz zas\u0142oni\u0142 mask\u0105 i wsiad\u0142 do s\u0142u\u017cbowej limuzyny. To mia\u0142 by\u0107 wa\u017cny tydzie\u0144. <\/p>\n\n\n\n<p>I by\u0142! Kierunek natarcia zapowiedzia\u0142 ju\u017c wcze\u015bniej w wywiadzie, przyznaj\u0105c, \u017ce polska demokracja jest u\u0142omna dlatego, \u017ce \u201ebrak nam opozycji o normalnym charakterze\u201d. \u017badnym problemem nie s\u0105 jego rz\u0105dy, nieskr\u0119powane odpowiedzialno\u015bci\u0105 konkretnego urz\u0119du. Nie szkodzi leninowski centralizm demokratyczny jego rz\u0105dz\u0105cej partii ani centralizm pa\u0144stwa, prze\u0142amuj\u0105cy konstytucyjny tr\u00f3jpodzia\u0142 w\u0142adzy. Problem to opozycja, kt\u00f3r\u0105 nale\u017cy znormalizowa\u0107.<\/p>\n\n\n\n<p>A okazja do zapowiedzianej \u201enowej normalno\u015bci\u201d nadarzy\u0142a si\u0119 nie lada. Pandemia koronawirusa zasia\u0142a strach. W obawie o zdrowie i \u017cycie ludzie zaakceptowali epidemiczny re\u017cim sanitarny. Nie wychodz\u0105 z dom\u00f3w i nie gromadz\u0105 si\u0119. To nic, \u017ce szaleje mordercza choroba zaka\u017ana a katastrofa klimatyczna pozbawia wody i wypala ogniem dziedzictwo przyrodnicze pokole\u0144. To najlepszy czas na nowy kryzys polityczny. \u201eKlina klinem\u201d a kryzys kryzysem.<\/p>\n\n\n\n<p>W takim momencie mo\u017cna sobie darowa\u0107 pozory, cho\u0107 maski czasem si\u0119 przydaj\u0105. Niech runie S\u0105d Najwy\u017cszy! S\u0119dziowie nie s\u0105 od samodzielnego my\u015blenia lecz od wykonywania polece\u0144, a nawet ich odgadywania. Wkr\u00f3tce wi\u0119c weteranka uchwalania niekonstytucyjnych ustaw og\u0142osi, \u017ce namys\u0142 s\u0119dzi\u00f3w nad kryteriami s\u0119dziowskiej niezale\u017cno\u015bci prowadzi do sporu kompetencyjnego z Prezydentem i Sejmem. Zamaskowany prokurator stanu wojennego w przebraniu s\u0119dziego Trybuna\u0142u Konstytucyjnego og\u0142osi natomiast, \u017ce europejska niezale\u017cno\u015b\u0107 s\u0119dziowska jest niezgodna z polsk\u0105 Konstytucj\u0105. Unia Europejska nie dla nas.<\/p>\n\n\n\n<p>No i jeszcze korespondencyjne wybory prezydenckie podczas epidemii. W ko\u0144cu pa\u0144stwo musi mie\u0107 g\u0142ow\u0119, cho\u0107by pust\u0105. Kiedy\u015b w PRL-u trudzono si\u0119 nad fa\u0142szerstwami w komisjach obwodowych, pod przeciwnymi presjami bojkotu i oczekiwa\u0144 wysokiej frekwencji. Teraz jest nowoczesno\u015b\u0107. Frekwencja nie ma znaczenia a g\u0142osy zbior\u0105 pocztowcy. Premier poleci im zawczasu \u201erealizacj\u0119 dzia\u0142a\u0144 polegaj\u0105cych na realizacji niezb\u0119dnych czynno\u015bci zmierzaj\u0105cych do przygotowania wybor\u00f3w\u201d.<\/p>\n\n\n\n<p>Prokuratork\u0119, kt\u00f3ra zainteresowa\u0142a si\u0119 legalno\u015bci\u0105 takich wybor\u00f3w, odsunie si\u0119 od sprawy i zrobi si\u0119 jej dyscyplinark\u0119 w\u0142a\u015bnie za to, \u017ce si\u0119 zainteresowa\u0142a, bo \u201euchybi\u0142a godno\u015bci\u201d. Ciekawe ile wytrzyma w zawodzie.<br \/>A \u017ceby nadchodz\u0105cy weekend pachnia\u0142 wiosn\u0105 na prokuratorski dywanik wezwie si\u0119 Pierwsz\u0105 Prezes S\u0105du Najwy\u017cszego. Wykaza\u0142a si\u0119 brakiem wyczucia ograniczaj\u0105c dzia\u0142alno\u015b\u0107 Izby Dyscyplinarnej, kt\u00f3rej nikt poza Kaczy\u0144skim nie uwa\u017ca za s\u0105d. Niech przed ko\u0144cem kadencji poczuje, \u017ce cho\u0107 \u201eza dobro nie karzemy\u201d to za wszystko inne mo\u017cna zosta\u0107 skazanym. <\/p>\n\n\n\n<p>Gdy nadchodzi mrok kolejnego weekendu mieszkaniec warszawskiego \u017boliborza czuje niejak\u0105 satysfakcj\u0119. G\u0142aszcz\u0105c mrucz\u0105cego kota u\u015bmiecha si\u0119 do wyobra\u017ce\u0144 niemocy swych przeciwnik\u00f3w. W takich chwilach czuje, \u017ce \u017cyje. Mru\u017c\u0105c oczy przyrzeka sobie, \u017ce w przysz\u0142ym tygodniu te\u017c w jaki\u015b spos\u00f3b z\u0142amie Konstytucj\u0119. <\/p>\n\n\n\n<hr class=\"wp-block-separator\"\/>\n\n\n\n<p><em>Felieton jest wyrazem opinii autora. Nie prezentuje stanowiska ZR Ma\u0142opolskie KOD.<\/em><\/p>\n","protected":false},"excerpt":{"rendered":"<p>25.04.2020 \u201eNoc by\u0142a czarna jak sumienie faszysty\u201d, gdy zamaskowany Jaros\u0142aw Kaczy\u0144ski otula\u0142 si\u0119 mrokiem krakowskiej ulicy. Ko\u0144czy\u0142 w\u0142a\u015bnie niedzieln\u0105 narad\u0119 [&#8230;]<\/p>\n","protected":false},"author":24,"featured_media":28225,"comment_status":"closed","ping_status":"open","sticky":false,"template":"","format":"standard","meta":{"_EventAllDay":false,"_EventTimezone":"","_EventStartDate":"","_EventEndDate":"","_EventStartDateUTC":"","_EventEndDateUTC":"","_EventShowMap":false,"_EventShowMapLink":false,"_EventURL":"","_EventCost":"","_EventCostDescription":"","_EventCurrencySymbol":"","_EventCurrencyCode":"","_EventCurrencyPosition":"","_EventDateTimeSeparator":"","_EventTimeRangeSeparator":"","_EventOrganizerID":[],"_EventVenueID":[],"_OrganizerEmail":"","_OrganizerPhone":"","_OrganizerWebsite":"","_VenueAddress":"","_VenueCity":"","_VenueCountry":"","_VenueProvince":"","_VenueState":"","_VenueZip":"","_VenuePhone":"","_VenueURL":"","_VenueStateProvince":"","_VenueLat":"","_VenueLng":"","_VenueShowMap":false,"_VenueShowMapLink":false,"footnotes":""},"categories":[596],"tags":[],"class_list":["post-16586","post","type-post","status-publish","format-standard","has-post-thumbnail","hentry","category-felietony","felietony"],"_links":{"self":[{"href":"https:\/\/kodmalopolska.pl\/index.php?rest_route=\/wp\/v2\/posts\/16586","targetHints":{"allow":["GET"]}}],"collection":[{"href":"https:\/\/kodmalopolska.pl\/index.php?rest_route=\/wp\/v2\/posts"}],"about":[{"href":"https:\/\/kodmalopolska.pl\/index.php?rest_route=\/wp\/v2\/types\/post"}],"author":[{"embeddable":true,"href":"https:\/\/kodmalopolska.pl\/index.php?rest_route=\/wp\/v2\/users\/24"}],"replies":[{"embeddable":true,"href":"https:\/\/kodmalopolska.pl\/index.php?rest_route=%2Fwp%2Fv2%2Fcomments&post=16586"}],"version-history":[{"count":0,"href":"https:\/\/kodmalopolska.pl\/index.php?rest_route=\/wp\/v2\/posts\/16586\/revisions"}],"wp:featuredmedia":[{"embeddable":true,"href":"https:\/\/kodmalopolska.pl\/index.php?rest_route=\/wp\/v2\/media\/28225"}],"wp:attachment":[{"href":"https:\/\/kodmalopolska.pl\/index.php?rest_route=%2Fwp%2Fv2%2Fmedia&parent=16586"}],"wp:term":[{"taxonomy":"category","embeddable":true,"href":"https:\/\/kodmalopolska.pl\/index.php?rest_route=%2Fwp%2Fv2%2Fcategories&post=16586"},{"taxonomy":"post_tag","embeddable":true,"href":"https:\/\/kodmalopolska.pl\/index.php?rest_route=%2Fwp%2Fv2%2Ftags&post=16586"}],"curies":[{"name":"wp","href":"https:\/\/api.w.org\/{rel}","templated":true}]}}