{"id":16338,"date":"2020-04-09T17:10:45","date_gmt":"2020-04-09T15:10:45","guid":{"rendered":"https:\/\/kodmalopolska.pl\/?p=16338"},"modified":"2020-04-09T17:10:48","modified_gmt":"2020-04-09T15:10:48","slug":"izba-felieton-fryderyka-zolla-139","status":"publish","type":"post","link":"https:\/\/kodmalopolska.pl\/?p=16338","title":{"rendered":"Izba. Felieton Fryderyka Zolla (139)"},"content":{"rendered":"\n<p>9.04.2020<\/p>\n\n\n\n<p class=\"has-drop-cap\">Trybuna\u0142 Sprawiedliwo\u015bci, orzekaj\u0105c w sk\u0142adzie pi\u0119tnastu s\u0119dzi\u00f3w w sprawie zarz\u0105dzenia tymczasowego, zawiesi\u0142 Izb\u0119 Dyscyplinarn\u0105. Zarz\u0105dzenie to m\u00f3g\u0142 wyda\u0107 jednoosobowo wiceprezes Trybuna\u0142u, ale sprawa okaza\u0142a si\u0119 zbyt wa\u017cna, bo dotycz\u0105ca istoty funkcjonowania Unii Europejskiej. Reakcja polskich w\u0142adz natomiast dowodzi ca\u0142kowitego niezrozumienia powagi sytuacji. Co w\u0142adze chc\u0105 osi\u0105gn\u0105\u0107 przez skierowanie tej sprawy (ale kt\u00f3rej konkretnie?) do b\u0119d\u0105cego atrap\u0105 Trybuna\u0142u Konstytucyjnego? Je\u017celi TK stwierdzi niekonstytucyjno\u015b\u0107 prawa unijnego (ale konkretnie czego?) w jakimkolwiek jego aspekcie, Polska ma przed sob\u0105 trzy drogi: mo\u017ce si\u0119 domaga\u0107 zmiany prawa unijnego (co w tym wypadku raczej nie wchodzi w gr\u0119), mo\u017ce zmieni\u0107 Konstytucj\u0119 (co by\u0142oby dziwne, bo Konstytucja zabrania tworzenia trybuna\u0142\u00f3w nadzwyczajnych, a takim jest Izba Dyscyplinarna, nie wiadomo zatem, co w\u0142a\u015bciwie nale\u017ca\u0142oby zmieni\u0107) albo mo\u017ce wyst\u0105pi\u0107 z Unii Europejskiej. Spo\u015br\u00f3d realnych konsekwencji takiego orzeczenia pseudo-Trybuna\u0142u Konstytucyjnego pozostaje tylko ta trzecia. I w tym kierunku zmierza Jaros\u0142aw Kaczy\u0144ski, dewastuj\u0105c jedn\u0105 po drugiej instytucje demokratycznej Rzeczypospolitej. Unia tymczasem si\u0119 konsoliduje. Europejski Instytut Prawa przygotowuje zestaw zasad prawnych na okres epidemii, mi\u0119dzy innymi t\u0119, \u017ce nie wolno wykorzystywa\u0107 kryzysu do os\u0142abienia demokracji, a ograniczenia w przemieszczaniu si\u0119 poza granice pa\u0144stwowe w ramach Unii s\u0105 uzasadnione wtedy, gdy takie same ograniczenia obowi\u0105zuj\u0105 wewn\u0105trz pa\u0144stw. Polska jednak w tych pracach praktycznie nie bierze udzia\u0142u. Unia powraca \u2013 ale ju\u017c chyba bez nas. Jako nar\u00f3d zap\u0142acimy za PiS ogromn\u0105 cen\u0119.<\/p>\n\n\n\n<hr class=\"wp-block-separator\"\/>\n\n\n\n<p><em>Felieton jest wyrazem opinii autora. Nie prezentuje stanowiska ZR Ma\u0142opolskie KOD.<\/em><\/p>\n","protected":false},"excerpt":{"rendered":"<p>9.04.2020 Trybuna\u0142 Sprawiedliwo\u015bci, orzekaj\u0105c w sk\u0142adzie pi\u0119tnastu s\u0119dzi\u00f3w w sprawie zarz\u0105dzenia tymczasowego, zawiesi\u0142 Izb\u0119 Dyscyplinarn\u0105. Zarz\u0105dzenie to m\u00f3g\u0142 wyda\u0107 jednoosobowo [&#8230;]<\/p>\n","protected":false},"author":24,"featured_media":12411,"comment_status":"closed","ping_status":"open","sticky":false,"template":"","format":"standard","meta":{"_EventAllDay":false,"_EventTimezone":"","_EventStartDate":"","_EventEndDate":"","_EventStartDateUTC":"","_EventEndDateUTC":"","_EventShowMap":false,"_EventShowMapLink":false,"_EventURL":"","_EventCost":"","_EventCostDescription":"","_EventCurrencySymbol":"","_EventCurrencyCode":"","_EventCurrencyPosition":"","_EventDateTimeSeparator":"","_EventTimeRangeSeparator":"","_EventOrganizerID":[],"_EventVenueID":[],"_OrganizerEmail":"","_OrganizerPhone":"","_OrganizerWebsite":"","_VenueAddress":"","_VenueCity":"","_VenueCountry":"","_VenueProvince":"","_VenueState":"","_VenueZip":"","_VenuePhone":"","_VenueURL":"","_VenueStateProvince":"","_VenueLat":"","_VenueLng":"","_VenueShowMap":false,"_VenueShowMapLink":false,"footnotes":""},"categories":[596],"tags":[],"class_list":["post-16338","post","type-post","status-publish","format-standard","has-post-thumbnail","hentry","category-felietony","felietony"],"_links":{"self":[{"href":"https:\/\/kodmalopolska.pl\/index.php?rest_route=\/wp\/v2\/posts\/16338","targetHints":{"allow":["GET"]}}],"collection":[{"href":"https:\/\/kodmalopolska.pl\/index.php?rest_route=\/wp\/v2\/posts"}],"about":[{"href":"https:\/\/kodmalopolska.pl\/index.php?rest_route=\/wp\/v2\/types\/post"}],"author":[{"embeddable":true,"href":"https:\/\/kodmalopolska.pl\/index.php?rest_route=\/wp\/v2\/users\/24"}],"replies":[{"embeddable":true,"href":"https:\/\/kodmalopolska.pl\/index.php?rest_route=%2Fwp%2Fv2%2Fcomments&post=16338"}],"version-history":[{"count":0,"href":"https:\/\/kodmalopolska.pl\/index.php?rest_route=\/wp\/v2\/posts\/16338\/revisions"}],"wp:featuredmedia":[{"embeddable":true,"href":"https:\/\/kodmalopolska.pl\/index.php?rest_route=\/wp\/v2\/media\/12411"}],"wp:attachment":[{"href":"https:\/\/kodmalopolska.pl\/index.php?rest_route=%2Fwp%2Fv2%2Fmedia&parent=16338"}],"wp:term":[{"taxonomy":"category","embeddable":true,"href":"https:\/\/kodmalopolska.pl\/index.php?rest_route=%2Fwp%2Fv2%2Fcategories&post=16338"},{"taxonomy":"post_tag","embeddable":true,"href":"https:\/\/kodmalopolska.pl\/index.php?rest_route=%2Fwp%2Fv2%2Ftags&post=16338"}],"curies":[{"name":"wp","href":"https:\/\/api.w.org\/{rel}","templated":true}]}}