{"id":16263,"date":"2020-04-04T13:00:54","date_gmt":"2020-04-04T11:00:54","guid":{"rendered":"https:\/\/kodmalopolska.pl\/?p=16263"},"modified":"2020-04-07T12:25:54","modified_gmt":"2020-04-07T10:25:54","slug":"zamach-majowy-felieton-fryderyka-zolla-136","status":"publish","type":"post","link":"https:\/\/kodmalopolska.pl\/?p=16263","title":{"rendered":"Zamach majowy. Felieton Fryderyka Zolla (136)"},"content":{"rendered":"\n<p>4.04.2020<\/p>\n\n\n\n<p class=\"has-drop-cap\">Czas epidemii powinien by\u0107 czasem absolutnej wsp\u00f3lnoty z\u0142\u0105czonej jednym celem: pr\u00f3b\u0105 wyj\u015bcia z tego wszystkiego mo\u017cliwie obronn\u0105 r\u0119k\u0105. Dlatego Konstytucja przewiduje stan nadzwyczajny. S\u0105 momenty w \u017cyciu narodu, kiedy nie mo\u017cna prowadzi\u0107 sporu politycznego. Nie wolno wtedy tak\u017ce podejmowa\u0107 decyzji niezwi\u0105zanych z kryzysem. Kaczy\u0144ski, pr\u0105c  do majowych wybor\u00f3w, niszczy elementarn\u0105 tkank\u0119 pa\u0144stwa. Je\u017celi w takich okoliczno\u015bciach musimy si\u0119 wik\u0142a\u0107 w absurdalne dyskusje, rozwa\u017caj\u0105c coraz to inne opcje podeptania Konstytucji, to trzeba postawi\u0107 pytanie, czy pa\u0144stwo spe\u0142nia swoj\u0105 podstawow\u0105 funkcj\u0119: zapewnienie przetrwania obywatelom. Kaczy\u0144skiemu los ludzi jest ca\u0142kowicie oboj\u0119tny. Mamy do czynienia z osobnikiem narkotycznie uzale\u017cnionym od w\u0142adzy, kt\u00f3ry wpatruje si\u0119 maniacko w sw\u00f3j pier\u015bcie\u0144, mamrocz\u0105c: \u201em\u00f3j skarbie\u201d, i wci\u0105ga nas wszystkich w otch\u0142a\u0144. Dla niego wirus to okazja do umocnienia w\u0142adzy: doko\u0144czenia destrukcji s\u0105d\u00f3w, zmarginalizowania parlamentu, podczas gdy ka\u017cdego z nas zajmuje troska o bliskich, przyjaci\u00f3\u0142, samych siebie. To nie ob\u0142\u0119d, bo ob\u0142\u0119d by\u0142by jakim\u015b usprawiedliwieniem. Dla czyn\u00f3w Kaczy\u0144skiego nie ma usprawiedliwienia, zw\u0142aszcza w tym czasie. Wybory prezydenta maj\u0105 si\u0119 rozstrzygn\u0105\u0107 na poczcie \u2013 bez kontroli, bez \u017cadnych gwarancji. Musimy zda\u0107 sobie spraw\u0119, \u017ce niemo\u017cliwo\u015b\u0107 przeprowadzenia wybor\u00f3w 10 maja nie wynika w pierwszym rz\u0119dzie z obaw epidemiologicznych. To jest okoliczno\u015b\u0107 techniczna i osoby z odpowiedni\u0105 wiedz\u0105 medyczn\u0105 powinny t\u0119 kwesti\u0119 rozstrzygn\u0105\u0107. Zasadniczym problemem jest to, \u017ce 10 maja nie da si\u0119 ju\u017c spe\u0142ni\u0107 \u017cadnych standard\u00f3w demokracji. B\u0119dzie to dzie\u0144 zamachu na demokratyczn\u0105 Polsk\u0119. Ka\u017cdy, kto w tym wydarzeniu we\u017amie udzia\u0142 w takiej czy innej roli, stanie si\u0119 wsp\u00f3\u0142winny zamachu. Premierze Gowin, pora opu\u015bci\u0107 si\u0142y pospolitego z\u0142a. Wsp\u00f3\u0142pracy z Kaczy\u0144skim nie mo\u017cna pogodzi\u0107 cho\u0107by z minimalnymi wymogami moralno\u015bci.<\/p>\n\n\n\n<hr class=\"wp-block-separator\"\/>\n\n\n\n<p><em>Felieton jest wyrazem opinii autora. Nie prezentuje stanowiska ZR Ma\u0142opolskie KOD.<\/em><\/p>\n","protected":false},"excerpt":{"rendered":"<p>4.04.2020 Czas epidemii powinien by\u0107 czasem absolutnej wsp\u00f3lnoty z\u0142\u0105czonej jednym celem: pr\u00f3b\u0105 wyj\u015bcia z tego wszystkiego mo\u017cliwie obronn\u0105 r\u0119k\u0105. Dlatego [&#8230;]<\/p>\n","protected":false},"author":24,"featured_media":12411,"comment_status":"closed","ping_status":"open","sticky":false,"template":"","format":"standard","meta":{"_EventAllDay":false,"_EventTimezone":"","_EventStartDate":"","_EventEndDate":"","_EventStartDateUTC":"","_EventEndDateUTC":"","_EventShowMap":false,"_EventShowMapLink":false,"_EventURL":"","_EventCost":"","_EventCostDescription":"","_EventCurrencySymbol":"","_EventCurrencyCode":"","_EventCurrencyPosition":"","_EventDateTimeSeparator":"","_EventTimeRangeSeparator":"","_EventOrganizerID":[],"_EventVenueID":[],"_OrganizerEmail":"","_OrganizerPhone":"","_OrganizerWebsite":"","_VenueAddress":"","_VenueCity":"","_VenueCountry":"","_VenueProvince":"","_VenueState":"","_VenueZip":"","_VenuePhone":"","_VenueURL":"","_VenueStateProvince":"","_VenueLat":"","_VenueLng":"","_VenueShowMap":false,"_VenueShowMapLink":false,"footnotes":""},"categories":[596],"tags":[],"class_list":["post-16263","post","type-post","status-publish","format-standard","has-post-thumbnail","hentry","category-felietony","felietony"],"_links":{"self":[{"href":"https:\/\/kodmalopolska.pl\/index.php?rest_route=\/wp\/v2\/posts\/16263","targetHints":{"allow":["GET"]}}],"collection":[{"href":"https:\/\/kodmalopolska.pl\/index.php?rest_route=\/wp\/v2\/posts"}],"about":[{"href":"https:\/\/kodmalopolska.pl\/index.php?rest_route=\/wp\/v2\/types\/post"}],"author":[{"embeddable":true,"href":"https:\/\/kodmalopolska.pl\/index.php?rest_route=\/wp\/v2\/users\/24"}],"replies":[{"embeddable":true,"href":"https:\/\/kodmalopolska.pl\/index.php?rest_route=%2Fwp%2Fv2%2Fcomments&post=16263"}],"version-history":[{"count":0,"href":"https:\/\/kodmalopolska.pl\/index.php?rest_route=\/wp\/v2\/posts\/16263\/revisions"}],"wp:featuredmedia":[{"embeddable":true,"href":"https:\/\/kodmalopolska.pl\/index.php?rest_route=\/wp\/v2\/media\/12411"}],"wp:attachment":[{"href":"https:\/\/kodmalopolska.pl\/index.php?rest_route=%2Fwp%2Fv2%2Fmedia&parent=16263"}],"wp:term":[{"taxonomy":"category","embeddable":true,"href":"https:\/\/kodmalopolska.pl\/index.php?rest_route=%2Fwp%2Fv2%2Fcategories&post=16263"},{"taxonomy":"post_tag","embeddable":true,"href":"https:\/\/kodmalopolska.pl\/index.php?rest_route=%2Fwp%2Fv2%2Ftags&post=16263"}],"curies":[{"name":"wp","href":"https:\/\/api.w.org\/{rel}","templated":true}]}}