{"id":16252,"date":"2020-04-03T10:27:56","date_gmt":"2020-04-03T08:27:56","guid":{"rendered":"https:\/\/kodmalopolska.pl\/?p=16252"},"modified":"2020-04-07T12:26:22","modified_gmt":"2020-04-07T10:26:22","slug":"godzina-dla-polski-felieton-fryderyka-zolla-135","status":"publish","type":"post","link":"https:\/\/kodmalopolska.pl\/?p=16252","title":{"rendered":"Godzina dla Polski. Felieton Fryderyka Zolla (135)"},"content":{"rendered":"\n<p>3.04.2020<\/p>\n\n\n\n<p class=\"has-drop-cap\">Kiedy\u015b \u0142\u0105czy\u0142em z Jaros\u0142awem Gowinem du\u017ce nadzieje. Uwa\u017ca\u0142em go za cz\u0142owieka wiernego swoim pogl\u0105dom. Jego akces do autorytarnej i z gruntu antyliberalnej czeredki Jaros\u0142awa Kaczy\u0144skiego, tylko werbalnie przywi\u0105zanej do \u201ewarto\u015bci\u201d, by\u0142 pot\u0119\u017cnym szokiem i raczej przyczynkiem do rozwa\u017ca\u0144 nad brakiem wszelkich zasad w polityce. W obecnej kadencji mikropartyjka Gowina zyska\u0142a na znaczeniu. Bez niej ani rz\u0105d, ani w\u0142adza Kaczy\u0144skiego nie zdo\u0142aj\u0105 si\u0119 utrzyma\u0107. Mia\u0142o to wiele konsekwencji. Gowin m\u00f3g\u0142 zacz\u0105\u0107 stawia\u0107 warunki i kilka razy postawi\u0142 je z korzy\u015bci\u0105 dla pa\u0144stwa. Ponosi\u0142 jednak tak\u017ce wi\u0119ksz\u0105 odpowiedzialno\u015b\u0107 za to, \u017ce Polska zmierza coraz wyra\u017aniej w dyktatorsk\u0105 przepa\u015b\u0107. Dzi\u015b nadchodzi czas pr\u00f3by. Ugrupowanie Gowina mo\u017ce przeszkodzi\u0107 zdeterminowanemu w niszczeniu demokracji Kaczy\u0144skiemu i nie dopu\u015bci\u0107 do realizacji pomys\u0142u zredukowania wybor\u00f3w do farsy. Kiedy\u015b Jaros\u0142aw Gowin wzywa\u0142 do po\u015bwi\u0119cenia godziny dla Polski w cotygodniowej pracy. Teraz taka godzina wybi\u0142a. Trzeba j\u0105, panie premierze, po\u015bwi\u0119ci\u0107 dla Polski.<\/p>\n","protected":false},"excerpt":{"rendered":"<p>3.04.2020 Kiedy\u015b \u0142\u0105czy\u0142em z Jaros\u0142awem Gowinem du\u017ce nadzieje. Uwa\u017ca\u0142em go za cz\u0142owieka wiernego swoim pogl\u0105dom. Jego akces do autorytarnej i [&#8230;]<\/p>\n","protected":false},"author":24,"featured_media":12411,"comment_status":"closed","ping_status":"open","sticky":false,"template":"","format":"standard","meta":{"_EventAllDay":false,"_EventTimezone":"","_EventStartDate":"","_EventEndDate":"","_EventStartDateUTC":"","_EventEndDateUTC":"","_EventShowMap":false,"_EventShowMapLink":false,"_EventURL":"","_EventCost":"","_EventCostDescription":"","_EventCurrencySymbol":"","_EventCurrencyCode":"","_EventCurrencyPosition":"","_EventDateTimeSeparator":"","_EventTimeRangeSeparator":"","_EventOrganizerID":[],"_EventVenueID":[],"_OrganizerEmail":"","_OrganizerPhone":"","_OrganizerWebsite":"","_VenueAddress":"","_VenueCity":"","_VenueCountry":"","_VenueProvince":"","_VenueState":"","_VenueZip":"","_VenuePhone":"","_VenueURL":"","_VenueStateProvince":"","_VenueLat":"","_VenueLng":"","_VenueShowMap":false,"_VenueShowMapLink":false,"footnotes":""},"categories":[596],"tags":[],"class_list":["post-16252","post","type-post","status-publish","format-standard","has-post-thumbnail","hentry","category-felietony","felietony"],"_links":{"self":[{"href":"https:\/\/kodmalopolska.pl\/index.php?rest_route=\/wp\/v2\/posts\/16252","targetHints":{"allow":["GET"]}}],"collection":[{"href":"https:\/\/kodmalopolska.pl\/index.php?rest_route=\/wp\/v2\/posts"}],"about":[{"href":"https:\/\/kodmalopolska.pl\/index.php?rest_route=\/wp\/v2\/types\/post"}],"author":[{"embeddable":true,"href":"https:\/\/kodmalopolska.pl\/index.php?rest_route=\/wp\/v2\/users\/24"}],"replies":[{"embeddable":true,"href":"https:\/\/kodmalopolska.pl\/index.php?rest_route=%2Fwp%2Fv2%2Fcomments&post=16252"}],"version-history":[{"count":0,"href":"https:\/\/kodmalopolska.pl\/index.php?rest_route=\/wp\/v2\/posts\/16252\/revisions"}],"wp:featuredmedia":[{"embeddable":true,"href":"https:\/\/kodmalopolska.pl\/index.php?rest_route=\/wp\/v2\/media\/12411"}],"wp:attachment":[{"href":"https:\/\/kodmalopolska.pl\/index.php?rest_route=%2Fwp%2Fv2%2Fmedia&parent=16252"}],"wp:term":[{"taxonomy":"category","embeddable":true,"href":"https:\/\/kodmalopolska.pl\/index.php?rest_route=%2Fwp%2Fv2%2Fcategories&post=16252"},{"taxonomy":"post_tag","embeddable":true,"href":"https:\/\/kodmalopolska.pl\/index.php?rest_route=%2Fwp%2Fv2%2Ftags&post=16252"}],"curies":[{"name":"wp","href":"https:\/\/api.w.org\/{rel}","templated":true}]}}