{"id":16241,"date":"2020-04-02T16:28:40","date_gmt":"2020-04-02T14:28:40","guid":{"rendered":"https:\/\/kodmalopolska.pl\/?p=16241"},"modified":"2020-04-02T16:28:44","modified_gmt":"2020-04-02T14:28:44","slug":"stanowisko-w-sprawie-stanu-kleski-zywiolowej-i-wyborow-prezydenckich","status":"publish","type":"post","link":"https:\/\/kodmalopolska.pl\/?p=16241","title":{"rendered":"Stanowisko w sprawie stanu kl\u0119ski \u017cywio\u0142owej i wybor\u00f3w prezydenckich"},"content":{"rendered":"\n<p>Komitet Obrony Demokracji od samego pocz\u0105tku stoi na stra\u017cy Konstytucji, kt\u00f3rej rocznica uchwalenia przypada w\u0142a\u015bnie dzisiaj &#8211; w tym trudnym czasie epidemii, kiedy na wielk\u0105 pr\u00f3b\u0119 wystawiono nas wszystkich.<\/p>\n\n\n\n<p> Tydzie\u0144 temu wraz z kilkudziesi\u0119cioma najwi\u0119kszymi organizacjami  obywatelskimi i spo\u0142ecznymi, kt\u00f3re staj\u0105 zawsze w obronie naszych  wsp\u00f3lnych praw i wolno\u015bci, ze stowarzyszeniami s\u0119dzi\u00f3w, prokurator\u00f3w i  adwokat\u00f3w, przy wsparciu wielu spo\u0142eczno\u015bci i autorytet\u00f3w wezwali\u015bmy  Rad\u0119 Ministr\u00f3w do niezw\u0142ocznego wprowadzenia stanu kl\u0119ski \u017cywio\u0142owej,  b\u0119d\u0105cego jedyn\u0105 legaln\u0105 form\u0105 przesuni\u0119cia terminu wybor\u00f3w prezydenckich  (<a rel=\"noreferrer noopener\" href=\"https:\/\/l.facebook.com\/l.php?u=http%3A%2F%2Fkomunikat-ngo.pl%2F%3Ffbclid%3DIwAR1odaTqXfT-RfsjEp5dhTxEVb2JdkWI6yWpMfRC1b5XtLVdRLGfGvw0aEw&amp;h=AT3q5Vk94srrI7C5jaIUUKztH1kqJc2kvcHfeJ8jOqgdn7dl69eZahpuuczcO-e4rKF4FF6s7L7TwqLFKBa3w8Q9OJhPoN2cjJDbbpL26E1wOpHn9P2pfjL3hZyrSlbxH1QHF-uELmtNbFddgmO6vzf4992RrfQETtm3\" target=\"_blank\">http:\/\/komunikat-ngo.pl<\/a>).<\/p>\n\n\n\n<p>We wspomnianym apelu wskazywali\u015bmy, \u017ce wprowadzone bez konstytucyjnego  umocowania ograniczenia praw i wolno\u015bci wynikaj\u0105ce z og\u0142oszenia stanu  epidemii s\u0105 por\u00f3wnywalne z tymi, kt\u00f3re wyst\u0119puj\u0105 przy stanie kl\u0119ski  \u017cywio\u0142owej. <\/p>\n\n\n\n<p>Wobec utrzymywania si\u0119 tej sytuacji i wprowadzenia  dodatkowych ogranicze\u0144, stwierdzamy, \u017ce aktualne dzia\u0142ania rz\u0105du  stanowi\u0105 obej\u015bcie przepis\u00f3w Konstytucji o stanach nadzwyczajnych i maj\u0105  na celu przeprowadzenie wybor\u00f3w prezydenckich 10 maja br. bez zwa\u017cania  na zwi\u0105zane z tym zagro\u017cenie dla zdrowia i \u017cycia obywateli. <\/p>\n\n\n\n<p>Ze  wzgl\u0119du na gwarancyjny charakter norm konstytucyjnych, a w szczeg\u00f3lno\u015bci  art. 228 ust. 7 Konstytucji, organizacja wybor\u00f3w w tym terminie b\u0119dzie  bezprawna. Same wybory b\u0119d\u0105 niewa\u017cne, a ich wyniki nie b\u0119d\u0105 wi\u0105\u017c\u0105ce.  Gdyby wybory te si\u0119 odby\u0142y, Komitet Obrony Demokracji nie uzna ich  wynik\u00f3w.<\/p>\n\n\n\n<p>R\u00f3wnocze\u015bnie wyra\u017camy g\u0142\u0119boki szacunek i pe\u0142ne poparcie  dla przedstawicieli w\u0142adz samorz\u0105dowych, kt\u00f3rzy, w poczuciu  odpowiedzialno\u015bci za powierzone im lokalne spo\u0142eczno\u015bci, sprzeciwiaj\u0105  si\u0119 przeprowadzeniu wybor\u00f3w w warunkach rozprzestrzeniaj\u0105cej si\u0119  epidemii. <\/p>\n\n\n\n<p>Wzywamy wszystkich obywateli do odmowy udzia\u0142u w  organizacji wybor\u00f3w w dniu 10 maja, a w szczeg\u00f3lno\u015bci do odmowy pracy w  komisjach wyborczych wszystkich szczebli.<\/p>\n\n\n\n<p>P\u0142yn\u0105ce ze strony  rz\u0105dz\u0105cego ugrupowania deklaracje mo\u017cliwo\u015bci zorganizowania wybor\u00f3w w  majowym terminie odbieramy jako pr\u00f3b\u0119 odwr\u00f3cenia uwagi opinii publicznej  od fatalnego stanu opieki medycznej oraz finans\u00f3w pa\u0144stwa, jak r\u00f3wnie\u017c  braku realnej pomocy dla pracodawc\u00f3w i pracownik\u00f3w.<\/p>\n\n\n\n<p>Jedynie  natychmiastowe, formalne og\u0142oszenie stanu kl\u0119ski \u017cywio\u0142owej i wynikaj\u0105ce  z niego przesuniecie wybor\u00f3w prezydenckich przywr\u00f3ci w tym zakresie  konstytucyjny porz\u0105dek w pa\u0144stwie oraz pozwoli ca\u0142emu spo\u0142ecze\u0144stwu,  wszystkim organizacjom spo\u0142ecznym, samorz\u0105dom i administracji rz\u0105dowej  skoncentrowa\u0107 ca\u0142\u0105 energi\u0119 na przeciwdzia\u0142aniu epidemii oraz  nadchodz\u0105cej w \u015blad za ni\u0105 katastrofie gospodarczej, jakiej Polska nie  prze\u017cy\u0142a od 1989 roku.<\/p>\n","protected":false},"excerpt":{"rendered":"<p>Komitet Obrony Demokracji od samego pocz\u0105tku stoi na stra\u017cy Konstytucji, kt\u00f3rej rocznica uchwalenia przypada w\u0142a\u015bnie dzisiaj &#8211; w tym trudnym [&#8230;]<\/p>\n","protected":false},"author":24,"featured_media":16242,"comment_status":"closed","ping_status":"open","sticky":false,"template":"","format":"standard","meta":{"_EventAllDay":false,"_EventTimezone":"","_EventStartDate":"","_EventEndDate":"","_EventStartDateUTC":"","_EventEndDateUTC":"","_EventShowMap":false,"_EventShowMapLink":false,"_EventURL":"","_EventCost":"","_EventCostDescription":"","_EventCurrencySymbol":"","_EventCurrencyCode":"","_EventCurrencyPosition":"","_EventDateTimeSeparator":"","_EventTimeRangeSeparator":"","_EventOrganizerID":[],"_EventVenueID":[],"_OrganizerEmail":"","_OrganizerPhone":"","_OrganizerWebsite":"","_VenueAddress":"","_VenueCity":"","_VenueCountry":"","_VenueProvince":"","_VenueState":"","_VenueZip":"","_VenuePhone":"","_VenueURL":"","_VenueStateProvince":"","_VenueLat":"","_VenueLng":"","_VenueShowMap":false,"_VenueShowMapLink":false,"footnotes":""},"categories":[28,48],"tags":[],"class_list":["post-16241","post","type-post","status-publish","format-standard","has-post-thumbnail","hentry","category-malopolskie-news","category-kod-centrala","malopolskie-news","kod-centrala"],"_links":{"self":[{"href":"https:\/\/kodmalopolska.pl\/index.php?rest_route=\/wp\/v2\/posts\/16241","targetHints":{"allow":["GET"]}}],"collection":[{"href":"https:\/\/kodmalopolska.pl\/index.php?rest_route=\/wp\/v2\/posts"}],"about":[{"href":"https:\/\/kodmalopolska.pl\/index.php?rest_route=\/wp\/v2\/types\/post"}],"author":[{"embeddable":true,"href":"https:\/\/kodmalopolska.pl\/index.php?rest_route=\/wp\/v2\/users\/24"}],"replies":[{"embeddable":true,"href":"https:\/\/kodmalopolska.pl\/index.php?rest_route=%2Fwp%2Fv2%2Fcomments&post=16241"}],"version-history":[{"count":0,"href":"https:\/\/kodmalopolska.pl\/index.php?rest_route=\/wp\/v2\/posts\/16241\/revisions"}],"wp:featuredmedia":[{"embeddable":true,"href":"https:\/\/kodmalopolska.pl\/index.php?rest_route=\/wp\/v2\/media\/16242"}],"wp:attachment":[{"href":"https:\/\/kodmalopolska.pl\/index.php?rest_route=%2Fwp%2Fv2%2Fmedia&parent=16241"}],"wp:term":[{"taxonomy":"category","embeddable":true,"href":"https:\/\/kodmalopolska.pl\/index.php?rest_route=%2Fwp%2Fv2%2Fcategories&post=16241"},{"taxonomy":"post_tag","embeddable":true,"href":"https:\/\/kodmalopolska.pl\/index.php?rest_route=%2Fwp%2Fv2%2Ftags&post=16241"}],"curies":[{"name":"wp","href":"https:\/\/api.w.org\/{rel}","templated":true}]}}