{"id":16210,"date":"2020-03-29T12:58:30","date_gmt":"2020-03-29T10:58:30","guid":{"rendered":"https:\/\/kodmalopolska.pl\/?p=16210"},"modified":"2020-03-29T12:58:32","modified_gmt":"2020-03-29T10:58:32","slug":"oswiadczenie-zarzadu-glownego-w-sprawie-zmian-w-kodeksie-wyborczym","status":"publish","type":"post","link":"https:\/\/kodmalopolska.pl\/?p=16210","title":{"rendered":"O\u015bwiadczenie Zarz\u0105du G\u0142\u00f3wnego w sprawie zmian w Kodeksie wyborczym"},"content":{"rendered":"\n<p>W dniu 28 marca 2020 r., o godz. 6.19 Sejm przyj\u0105\u0142 na 42 dni przed wyborami ustaw\u0119 zmieniaj\u0105c\u0105 Kodeks wyborczy, wprowadzaj\u0105c mo\u017cliwo\u015b\u0107 g\u0142osowania korespondencyjnego dla os\u00f3b, kt\u00f3re uko\u0144czy\u0142y 60 lat, jak r\u00f3wnie\u017c dla wyborc\u00f3w, kt\u00f3rzy b\u0119d\u0105 odbywa\u0107 kwarantann\u0119 najp\u00f3\u017aniej pi\u0119\u0107 dni przed wyborami. Przyjmuj\u0105c t\u0119 ustaw\u0119, wielokrotnie z\u0142amano Konstytucj\u0119 i Regulamin Sejmu. Wspomniana ustawa, b\u0119d\u0105ca wyrazem obsesyjnego d\u0105\u017cenia do przeprowadzenia ze wzgl\u0119d\u00f3w czysto politycznych wybor\u00f3w prezydenckich w warunkach zagro\u017cenia zdrowia i \u017cycia obywateli, zas\u0142uguje na bezwarunkowe pot\u0119pienie zar\u00f3wno pod wzgl\u0119dem prawnym, jak i etycznym. S\u0142owa te kierujemy pod adresem strony rz\u0105dowej maj\u0105cej decyduj\u0105cy wp\u0142yw na przebieg wypadk\u00f3w.<\/p>\n\n\n\n<p>Z niepokojem odnosimy si\u0119 jednak tak\u017ce do postawy cz\u0119\u015bci opozycji, kt\u00f3ra\npodczas g\u0142osowania uleg\u0142a szanta\u017cowi popieraj\u0105c skandaliczne zmiany w prawie\nwyborczym. Apelujemy zarazem do wszystkich stronnictw opozycyjnych o \u015bcis\u0142e wsp\u00f3\u0142dzia\u0142anie\nw przysz\u0142o\u015bci podczas prac parlamentu dla ograniczenia bezprawia czynionego\nprzez stron\u0119 rz\u0105dow\u0105. W obliczu narastaj\u0105cego zagro\u017cenia dla demokratycznych\nfundament\u00f3w naszego pa\u0144stwa wzywamy do zaniechania wyniszczaj\u0105cych spor\u00f3w w\n\u0142onie opozycji.<\/p>\n\n\n\n<p>Apelujemy do Senatu RP o wykorzystanie wszelkich wynikaj\u0105cych z Konstytucji\ni Regulaminu Izby mo\u017cliwo\u015bci niedopuszczenia do wej\u015bcia w \u017cycie uchwalonych\nzmian prawa wyborczego.<\/p>\n\n\n\n<p>Odczytuj\u0105c nocne procedowanie tej skandalicznej ustawy jako dow\u00f3d\ndeterminacji strony rz\u0105dowej w d\u0105\u017ceniu do przeprowadzenia wybor\u00f3w za wszelk\u0105\ncen\u0119 10 maja 2020 r., ponawiamy nasz apel wystosowany w dniu 26 marca 2020 r.\nwsp\u00f3lnie z kilkudziesi\u0119cioma innymi organizacjami pozarz\u0105dowymi o niezw\u0142oczne\nwprowadzenie stanu kl\u0119ski \u017cywio\u0142owej. <br \/>\n( <a href=\"https:\/\/l.facebook.com\/l.php?u=https%3A%2F%2Fwww.ruchkod.pl%2Fapel-czas-na-stan-kleski-zywiolowej%2F%3Ffbclid%3DIwAR3DmkK9M94qtQsrmyB1c7xkKGT1rN8LD-dCR8Mwtbf3KrNkfAfhNJAzm9Y&amp;h=AT17QPNgjyG6KwNQCaFPCAeMUrq9Fz2ldF9kJU1Sh0BwXp-GqDHhp29scm1AStYZU64oCBBBrQi4Dg8jMLUM0FWeJBQH29r8JcyOt19nfoliYIupp_hhx5ICf5dPT4jODeKabTbEaYWioxnM0uWvGcN-DvDGsDnm20_0VsDiomDr0fVforhOpLPl81x7freCfLQx6mkYA-zbN3ASRlTWG8GcFhtke4ng3NI9UD3K9rKQUZ6z8VugawJUO0QZYBgEt4YgcHXe9wKZt8AwUTD3WiHLDclKS7qqlL9uPSS4C3bo7pWz99O4GDfG0diM1Wfw1fALQQYlqdAjEEIPrSy15WLv8Y9337YKaXTKB808TbhnqIgF3QBX5w3IZV0ihubAevouZ2DchpNRrp4H87BU5M0ckDgSV_Vrks-ClvI47aByVjEnmnteLa6FJ52xQRqoVhiBKkbQaK75uCJK-kyK_bJhOK_4BhI0DOwECvgtSA-MeH3oAw99hp9xVPuDdEDHTHCOxaSf1nFVd8YB55DCfmvXwxJcdwUM4ANmxWmrd_eVwNxjvMxI1gOxY0KXBIuePhPlnIJ7zs0vHPw1Mn4UQxkJOtkuE61Eab6CJLKWRGwl_iM0Snc_K3X2Y39ta8gVSCyBmn9Pknmoq4zeSHmy4Plm1gPVIvtEJjnDkTV6ErLadFmcw2OapsUFvEReHZh07Q\" target=\"_blank\" rel=\"noreferrer noopener\">https:\/\/www.ruchkod.pl\/apel-czas-na-stan-kleski-zywiolowej\/<\/a>\n)<\/p>\n\n\n\n<p><em>Zarz\u0105d G\u0142\u00f3wny Komitetu Obrony Demokracji<\/em><\/p>\n","protected":false},"excerpt":{"rendered":"<p>W dniu 28 marca 2020 r., o godz. 6.19 Sejm przyj\u0105\u0142 na 42 dni przed wyborami ustaw\u0119 zmieniaj\u0105c\u0105 Kodeks wyborczy, [&#8230;]<\/p>\n","protected":false},"author":24,"featured_media":16211,"comment_status":"closed","ping_status":"open","sticky":false,"template":"","format":"standard","meta":{"_EventAllDay":false,"_EventTimezone":"","_EventStartDate":"","_EventEndDate":"","_EventStartDateUTC":"","_EventEndDateUTC":"","_EventShowMap":false,"_EventShowMapLink":false,"_EventURL":"","_EventCost":"","_EventCostDescription":"","_EventCurrencySymbol":"","_EventCurrencyCode":"","_EventCurrencyPosition":"","_EventDateTimeSeparator":"","_EventTimeRangeSeparator":"","_EventOrganizerID":[],"_EventVenueID":[],"_OrganizerEmail":"","_OrganizerPhone":"","_OrganizerWebsite":"","_VenueAddress":"","_VenueCity":"","_VenueCountry":"","_VenueProvince":"","_VenueState":"","_VenueZip":"","_VenuePhone":"","_VenueURL":"","_VenueStateProvince":"","_VenueLat":"","_VenueLng":"","_VenueShowMap":false,"_VenueShowMapLink":false,"footnotes":""},"categories":[48],"tags":[],"class_list":["post-16210","post","type-post","status-publish","format-standard","has-post-thumbnail","hentry","category-kod-centrala","kod-centrala"],"_links":{"self":[{"href":"https:\/\/kodmalopolska.pl\/index.php?rest_route=\/wp\/v2\/posts\/16210","targetHints":{"allow":["GET"]}}],"collection":[{"href":"https:\/\/kodmalopolska.pl\/index.php?rest_route=\/wp\/v2\/posts"}],"about":[{"href":"https:\/\/kodmalopolska.pl\/index.php?rest_route=\/wp\/v2\/types\/post"}],"author":[{"embeddable":true,"href":"https:\/\/kodmalopolska.pl\/index.php?rest_route=\/wp\/v2\/users\/24"}],"replies":[{"embeddable":true,"href":"https:\/\/kodmalopolska.pl\/index.php?rest_route=%2Fwp%2Fv2%2Fcomments&post=16210"}],"version-history":[{"count":0,"href":"https:\/\/kodmalopolska.pl\/index.php?rest_route=\/wp\/v2\/posts\/16210\/revisions"}],"wp:featuredmedia":[{"embeddable":true,"href":"https:\/\/kodmalopolska.pl\/index.php?rest_route=\/wp\/v2\/media\/16211"}],"wp:attachment":[{"href":"https:\/\/kodmalopolska.pl\/index.php?rest_route=%2Fwp%2Fv2%2Fmedia&parent=16210"}],"wp:term":[{"taxonomy":"category","embeddable":true,"href":"https:\/\/kodmalopolska.pl\/index.php?rest_route=%2Fwp%2Fv2%2Fcategories&post=16210"},{"taxonomy":"post_tag","embeddable":true,"href":"https:\/\/kodmalopolska.pl\/index.php?rest_route=%2Fwp%2Fv2%2Ftags&post=16210"}],"curies":[{"name":"wp","href":"https:\/\/api.w.org\/{rel}","templated":true}]}}