{"id":16125,"date":"2020-03-26T16:04:20","date_gmt":"2020-03-26T15:04:20","guid":{"rendered":"https:\/\/kodmalopolska.pl\/?p=16125"},"modified":"2020-03-26T17:01:21","modified_gmt":"2020-03-26T16:01:21","slug":"apel-do-rady-ministrow-rp-o-wprowadzenie-stanu-kleski-zywiolowej","status":"publish","type":"post","link":"https:\/\/kodmalopolska.pl\/?p=16125","title":{"rendered":"Apel do Rady Ministr\u00f3w RP o wprowadzenie stanu kl\u0119ski \u017cywio\u0142owej"},"content":{"rendered":"\n<p><strong>Apel do Rady Ministr\u00f3w RP o wprowadzenie stanu kl\u0119ski \u017cywio\u0142owej<\/strong><\/p>\n\n\n\n<p>Sytuacja w Polsce i na \u015bwiecie nie ma precedensu w ostatnich dekadach. Epidemia\nkoronawirusa sparali\u017cowa\u0142a \u017cycie spo\u0142eczne we wszystkich jego aspektach. Wiele\nzarazem wskazuje na to, \u017ce szczyt epidemii mamy jeszcze przed sob\u0105, zachorowa\u0144\nprzybywa bowiem z ka\u017cdym dniem. Ju\u017c teraz mo\u017cna stwierdzi\u0107, \u017ce koronawirus\nwyst\u0119puje w Polsce na skal\u0119 masow\u0105. <\/p>\n\n\n\n<p>Tym samym mamy do czynienia z odmian\u0105 kl\u0119ski \u017cywio\u0142owej w postaci katastrofy\nnaturalnej w rozumieniu art. 232 Konstytucji RP oraz ustawy z dnia 18 kwietnia\n2002 r. o stanie kl\u0119ski \u017cywio\u0142owej. Spe\u0142nienie tych przes\u0142anek powinno skutkowa\u0107\nwprowadzeniem konstytucyjnie umocowanego stanu kl\u0119ski \u017cywio\u0142owej. Tymczasem\nobecnie ustanowiony stan epidemii poci\u0105ga za sob\u0105 ograniczenia praw i wolno\u015bci\nobywatelskich por\u00f3wnywalne z tymi wyst\u0119puj\u0105cymi w warunkach konstytucyjnego\nstanu kl\u0119ski \u017cywio\u0142owej. Nie powoduje jednak przesuni\u0119cia terminu wybor\u00f3w\nPrezydenta RP, co przewiduje art. 228 ust. 7 Konstytucji w razie og\u0142oszenia\nstanu nadzwyczajnego, w tym stanu kl\u0119ski \u017cywio\u0142owej. <\/p>\n\n\n\n<p>Aktualna sytuacja epidemiczna w spos\u00f3b zasadniczy wp\u0142ywa jednak na mo\u017cliwo\u015b\u0107\nprzeprowadzenia wybor\u00f3w Prezydenta RP w wyznaczonym terminie, 10 maja\nbie\u017c\u0105cego roku. Przede wszystkim niewyobra\u017calne jest zorganizowanie w warunkach\nepidemii pracy 27 000 komisji wyborczych z udzia\u0142em ponad 300 000 ich cz\u0142onk\u00f3w.\nJu\u017c samo znalezienie takiej liczby ch\u0119tnych jest w tej sytuacji bardzo\nw\u0105tpliwe. Nawet gdyby si\u0119 to jednak uda\u0142o, zupe\u0142nie nieodpowiedzialne\nby\u0142oby nara\u017canie zdrowia tych os\u00f3b na zaka\u017cenie w trakcie pracy w komisjach,\npodczas kt\u00f3rej musia\u0142oby dochodzi\u0107 do permanentnego \u0142amania zasad profilaktyki\nepidemicznej. R\u00f3wnie\u017c wizyta wyborc\u00f3w w lokalach wyborczych musia\u0142aby wi\u0105za\u0107\nsi\u0119 z zagro\u017ceniem dla ich zdrowia, a wzi\u0105wszy pod uwag\u0119 dotychczasowy przebieg\nepidemii, nawet \u017cycia. Ju\u017c wskazane wy\u017cej okoliczno\u015bci same w sobie wykluczaj\u0105 organizacj\u0119\nwybor\u00f3w w pierwotnym terminie. <\/p>\n\n\n\n<p>Przeprowadzenie wybor\u00f3w w warunkach epidemii poci\u0105gn\u0119\u0142oby za sob\u0105 tak\u017ce\ndrastyczne zmniejszenie frekwencji wyborczej. Wynik wybor\u00f3w z du\u017cym\nprawdopodobie\u0144stwem nie odzwierciedla\u0142by rzeczywistych preferencji\nwyborc\u00f3w, a uzyskana w takich warunkach legitymacja prezydenta do sprawowania\nurz\u0119du by\u0142aby nadzwyczaj s\u0142aba. Ponadto, faktyczne wykluczenie z udzia\u0142u w\nwyborach wielu os\u00f3b poddanych kwarantannie godzi\u0142oby w ich prawa wyborcze. <\/p>\n\n\n\n<p>Nale\u017cy tak\u017ce zauwa\u017cy\u0107, \u017ce ze wzgl\u0119du na gwarancyjny charakter norm\nkonstytucyjnych mo\u017cna broni\u0107 pogl\u0105du, \u017ce ju\u017c obecnie obowi\u0105zuj\u0105\nprzewidziane w art. 228 ust. 7 Konstytucji RP konsekwencje wprowadzenia stanu\nkl\u0119ski \u017cywio\u0142owej jako odmiany stanu nadzwyczajnego. W konsekwencji\nmo\u017cliwy jest zarzut, \u017ce wybory zorganizowane w maju bie\u017c\u0105cego roku odby\u0142yby si\u0119\nz naruszeniem Konstytucji, a wtedy ich wa\u017cno\u015b\u0107 mog\u0142aby by\u0107 zasadnie\nkwestionowana. <\/p>\n\n\n\n<p>Maj\u0105c na wzgl\u0119dzie zar\u00f3wno zdrowie i \u017cycie obywateli naszego pa\u0144stwa, jak i\nprzestrzeganie zasad demokratycznego procesu wyborczego, a tak\u017ce mo\u017cliwo\u015b\u0107\nkwestionowania wa\u017cno\u015bci samych wybor\u00f3w prezydenta RP wzywamy Rad\u0119 Ministr\u00f3w do\nniezw\u0142ocznego wprowadzenia stanu kl\u0119ski \u017cywio\u0142owej.<\/p>\n\n\n\n<p>Komitet Obrony Demokracji<\/p>\n\n\n\n<p>Helsi\u0144ska Fundacja Praw Cz\u0142owieka<\/p>\n\n\n\n<p>Stowarzyszenie S\u0119dzi\u00f3w Themis<\/p>\n\n\n\n<p>Obserwatorium Wyborcze<\/p>\n\n\n\n<p>Stowarzyszenie S\u0119dzi\u00f3w Polskich IUSTITIA<\/p>\n\n\n\n<p>Inicjatywa Wolne S\u0105dy<\/p>\n\n\n\n<p>Fundacja im. Bronis\u0142awa Geremka<\/p>\n\n\n\n<p>Stowarzyszenie Adwokackie Defensor Iuris<\/p>\n\n\n\n<p>Obywatele RP<\/p>\n\n\n\n<p>Warszawski Strajk Kobiet<\/p>\n\n\n\n<p>Fundacja w Stron\u0119 Dialogu<\/p>\n\n\n\n<p>Fundacja Centrum Praw Kobiet<\/p>\n\n\n\n<p>Fundacja SaveOneChild<\/p>\n\n\n\n<p>Polska Fundacja im. Roberta Schumana<\/p>\n\n\n\n<p>Fundacja Feminoteka<\/p>\n\n\n\n<p>Instytut Spraw Publicznych<\/p>\n\n\n\n<p>Stowarzyszenie Interwencji Prawnej<\/p>\n\n\n\n<p>Towarzystwo Dziennikarskie<\/p>\n\n\n\n<p>Stowarzyszenie im. Prof. Zbigniewa Ho\u0142dy<\/p>\n\n\n\n<p>Fundacja Projekt:Polska<\/p>\n\n\n\n<p>Stowarzyszenie Pa\u0144stwo Miasto<\/p>\n\n\n\n<p>Akcja Demokracja<\/p>\n\n\n\n<p>Stowarzyszenie M\u0142odych Naukowc\u00f3w<\/p>\n\n\n\n<p>Fundacja Picture.doc<\/p>\n\n\n\n<p>Dziewuchy Dziewuchom<\/p>\n\n\n\n<p>Stowarzyszenie Homo Faber<\/p>\n\n\n\n<p>Fundacja im.Stefana Batorego<\/p>\n\n\n\n<p>Stowarzyszenie Amnesty International<\/p>\n\n\n\n<p>Kongres Kobiet<\/p>\n\n\n\n<p>Stowarzyszenie Mi\u0142o\u015b\u0107 Nie Wyklucza<\/p>\n\n\n\n<p>Sta\u0142e Prezydium Forum Wsp\u00f3\u0142pracy S\u0119dzi\u00f3w<\/p>\n\n\n\n<p>Og\u00f3lnopolskie Stowarzyszenie S\u0119dzi\u00f3w S\u0105d\u00f3w Administracyjnych OSSSA<\/p>\n\n\n\n<p>Stowarzyszenia Klon\/Jawor<\/p>\n\n\n\n<p>Stowarzyszenie S\u0119dzi\u00f3w Rodzinnych w Polsce<\/p>\n\n\n\n<p>Fundacja Szko\u0142a z Klas\u0105<\/p>\n\n\n\n<p>Pracownia Bada\u0144 i Innowacji Spo\u0142ecznych Stocznia<\/p>\n\n\n\n<p>Fundacja Autonomia<\/p>\n\n\n\n<p>Forum Obywatelskiego Rozwoju (FOR)<\/p>\n\n\n\n<p>Forum Darczy\u0144c\u00f3w w Polsce<\/p>\n\n\n\n<p>Fundacja dla Polski<\/p>\n\n\n\n<p>Stowarzyszenie Prokurator\u00f3w Lex Super Omnia<\/p>\n\n\n\n<p>Archiwum Osiaty\u0144skiego<\/p>\n\n\n\n<p>INPRIS &#8211; Instytut na Rzecz Prawa i Spo\u0142ecze\u0144stwa<\/p>\n","protected":false},"excerpt":{"rendered":"<p>Apel do Rady Ministr\u00f3w RP o wprowadzenie stanu kl\u0119ski \u017cywio\u0142owej Sytuacja w Polsce i na \u015bwiecie nie ma precedensu w [&#8230;]<\/p>\n","protected":false},"author":24,"featured_media":16136,"comment_status":"closed","ping_status":"open","sticky":false,"template":"","format":"standard","meta":{"_EventAllDay":false,"_EventTimezone":"","_EventStartDate":"","_EventEndDate":"","_EventStartDateUTC":"","_EventEndDateUTC":"","_EventShowMap":false,"_EventShowMapLink":false,"_EventURL":"","_EventCost":"","_EventCostDescription":"","_EventCurrencySymbol":"","_EventCurrencyCode":"","_EventCurrencyPosition":"","_EventDateTimeSeparator":"","_EventTimeRangeSeparator":"","_EventOrganizerID":[],"_EventVenueID":[],"_OrganizerEmail":"","_OrganizerPhone":"","_OrganizerWebsite":"","_VenueAddress":"","_VenueCity":"","_VenueCountry":"","_VenueProvince":"","_VenueState":"","_VenueZip":"","_VenuePhone":"","_VenueURL":"","_VenueStateProvince":"","_VenueLat":"","_VenueLng":"","_VenueShowMap":false,"_VenueShowMapLink":false,"footnotes":""},"categories":[28],"tags":[],"class_list":["post-16125","post","type-post","status-publish","format-standard","has-post-thumbnail","hentry","category-malopolskie-news","malopolskie-news"],"_links":{"self":[{"href":"https:\/\/kodmalopolska.pl\/index.php?rest_route=\/wp\/v2\/posts\/16125","targetHints":{"allow":["GET"]}}],"collection":[{"href":"https:\/\/kodmalopolska.pl\/index.php?rest_route=\/wp\/v2\/posts"}],"about":[{"href":"https:\/\/kodmalopolska.pl\/index.php?rest_route=\/wp\/v2\/types\/post"}],"author":[{"embeddable":true,"href":"https:\/\/kodmalopolska.pl\/index.php?rest_route=\/wp\/v2\/users\/24"}],"replies":[{"embeddable":true,"href":"https:\/\/kodmalopolska.pl\/index.php?rest_route=%2Fwp%2Fv2%2Fcomments&post=16125"}],"version-history":[{"count":0,"href":"https:\/\/kodmalopolska.pl\/index.php?rest_route=\/wp\/v2\/posts\/16125\/revisions"}],"wp:featuredmedia":[{"embeddable":true,"href":"https:\/\/kodmalopolska.pl\/index.php?rest_route=\/wp\/v2\/media\/16136"}],"wp:attachment":[{"href":"https:\/\/kodmalopolska.pl\/index.php?rest_route=%2Fwp%2Fv2%2Fmedia&parent=16125"}],"wp:term":[{"taxonomy":"category","embeddable":true,"href":"https:\/\/kodmalopolska.pl\/index.php?rest_route=%2Fwp%2Fv2%2Fcategories&post=16125"},{"taxonomy":"post_tag","embeddable":true,"href":"https:\/\/kodmalopolska.pl\/index.php?rest_route=%2Fwp%2Fv2%2Ftags&post=16125"}],"curies":[{"name":"wp","href":"https:\/\/api.w.org\/{rel}","templated":true}]}}