{"id":15935,"date":"2020-03-14T17:26:48","date_gmt":"2020-03-14T16:26:48","guid":{"rendered":"https:\/\/kodmalopolska.pl\/?p=15935"},"modified":"2020-03-14T17:29:08","modified_gmt":"2020-03-14T16:29:08","slug":"calkowicie-normalna-sytuacja-felieton-fryderyka-zolla-124","status":"publish","type":"post","link":"https:\/\/kodmalopolska.pl\/?p=15935","title":{"rendered":"Ca\u0142kowicie normalna sytuacja. Felieton Fryderyka Zolla (124)"},"content":{"rendered":"\n<p class=\"has-drop-cap\">Granice zamkni\u0119te, restauracje zamkni\u0119te, galerie handlowe zamkni\u0119te, szko\u0142y zamkni\u0119te i uczelnie te\u017c. Zakaz zgromadze\u0144 powy\u017cej 50 os\u00f3b. Te wszystkie ograniczenia s\u0105 absolutnie niezb\u0119dne i dobrze, \u017ce rz\u0105d je stosuje. Fascynuj\u0105ce jest jednak to, \u017ce nadal nie og\u0142oszono ani stanu wyj\u0105tkowego, ani stanu kl\u0119ski \u017cywio\u0142owej. W obu tych wypadkach konieczne by\u0142oby przesuni\u0119cie terminu wybor\u00f3w. Chyba dla ka\u017cdego jest oczywiste, \u017ce w obecnych warunkach nie da si\u0119 wybor\u00f3w przeprowadzi\u0107 w spos\u00f3b demokratyczny. Ze wzgl\u0119du na nieuniknione zak\u0142\u00f3cenia w ich przebiegu i nieuchronnie wypaczony wynik, niezale\u017cnie od tego, kto zyska\u0142by na epidemii, nie mo\u017cna by ju\u017c m\u00f3wi\u0107 o demokratycznej legitymacji wybranego prezydenta. Pomijaj\u0105c ju\u017c samo nara\u017cenie g\u0142osuj\u0105cych i cz\u0142onk\u00f3w komisji wyborczych, warto si\u0119 zastanowi\u0107 nad inn\u0105 spraw\u0105. Skoro PiS \u017cadnego stanu nadzwyczajnego w rozumieniu Konstytucji nie og\u0142asza, tym samym uznaje, \u017ce wprowadzone \u015brodki mo\u017cna stosowa\u0107 w sytuacjach zwyk\u0142ych, ot tak. W PiS\u2011owskiej koncepcji pa\u0144stwa to, czego teraz do\u015bwiadczamy, nie jest stanem nadzwyczajnym, ale autorytarn\u0105 codzienno\u015bci\u0105. W ka\u017cdym razie demokratycznych wybor\u00f3w przeprowadzi\u0107 obecnie si\u0119 nie da i wszyscy demokratyczni kandydaci musz\u0105 to postawi\u0107 jasno. Prezydent wybrany w tych warunkach b\u0119dzie kolejnym niekonstytucyjnym bytem PiS\u2011owskiego pa\u0144stwa. Niewykluczone jednak, \u017ce opary nios\u0105ce morowe powietrze naturalnie uk\u0142adaj\u0105 si\u0119 w wielki gest Lichockiej pokazany spo\u0142ecze\u0144stwu. Obok tego znaku mo\u017cna w TVP Info podziwia\u0107, jak dzielny kandydat Duda w mundurze walczy z koronawirusem. Istny \u015bw. Jerzy. Pod takim przyw\u00f3dztwem jak\u017ce jeste\u015bmy bezpieczni!<\/p>\n\n\n\n<hr class=\"wp-block-separator\"\/>\n\n\n\n<p> <em>Felieton jest wyrazem opinii autora. Nie prezentuje stanowiska ZR Ma\u0142opolskie KOD<\/em>.   <\/p>\n\n\n<p><!--EndFragment--><br \/>\n<br \/>\n<\/p>","protected":false},"excerpt":{"rendered":"<p>Granice zamkni\u0119te, restauracje zamkni\u0119te, galerie handlowe zamkni\u0119te, szko\u0142y zamkni\u0119te i uczelnie te\u017c. Zakaz zgromadze\u0144 powy\u017cej 50 os\u00f3b. Te wszystkie ograniczenia [&#8230;]<\/p>\n","protected":false},"author":24,"featured_media":12411,"comment_status":"closed","ping_status":"open","sticky":false,"template":"","format":"standard","meta":{"_EventAllDay":false,"_EventTimezone":"","_EventStartDate":"","_EventEndDate":"","_EventStartDateUTC":"","_EventEndDateUTC":"","_EventShowMap":false,"_EventShowMapLink":false,"_EventURL":"","_EventCost":"","_EventCostDescription":"","_EventCurrencySymbol":"","_EventCurrencyCode":"","_EventCurrencyPosition":"","_EventDateTimeSeparator":"","_EventTimeRangeSeparator":"","_EventOrganizerID":[],"_EventVenueID":[],"_OrganizerEmail":"","_OrganizerPhone":"","_OrganizerWebsite":"","_VenueAddress":"","_VenueCity":"","_VenueCountry":"","_VenueProvince":"","_VenueState":"","_VenueZip":"","_VenuePhone":"","_VenueURL":"","_VenueStateProvince":"","_VenueLat":"","_VenueLng":"","_VenueShowMap":false,"_VenueShowMapLink":false,"footnotes":""},"categories":[596],"tags":[],"class_list":["post-15935","post","type-post","status-publish","format-standard","has-post-thumbnail","hentry","category-felietony","felietony"],"_links":{"self":[{"href":"https:\/\/kodmalopolska.pl\/index.php?rest_route=\/wp\/v2\/posts\/15935","targetHints":{"allow":["GET"]}}],"collection":[{"href":"https:\/\/kodmalopolska.pl\/index.php?rest_route=\/wp\/v2\/posts"}],"about":[{"href":"https:\/\/kodmalopolska.pl\/index.php?rest_route=\/wp\/v2\/types\/post"}],"author":[{"embeddable":true,"href":"https:\/\/kodmalopolska.pl\/index.php?rest_route=\/wp\/v2\/users\/24"}],"replies":[{"embeddable":true,"href":"https:\/\/kodmalopolska.pl\/index.php?rest_route=%2Fwp%2Fv2%2Fcomments&post=15935"}],"version-history":[{"count":0,"href":"https:\/\/kodmalopolska.pl\/index.php?rest_route=\/wp\/v2\/posts\/15935\/revisions"}],"wp:featuredmedia":[{"embeddable":true,"href":"https:\/\/kodmalopolska.pl\/index.php?rest_route=\/wp\/v2\/media\/12411"}],"wp:attachment":[{"href":"https:\/\/kodmalopolska.pl\/index.php?rest_route=%2Fwp%2Fv2%2Fmedia&parent=15935"}],"wp:term":[{"taxonomy":"category","embeddable":true,"href":"https:\/\/kodmalopolska.pl\/index.php?rest_route=%2Fwp%2Fv2%2Fcategories&post=15935"},{"taxonomy":"post_tag","embeddable":true,"href":"https:\/\/kodmalopolska.pl\/index.php?rest_route=%2Fwp%2Fv2%2Ftags&post=15935"}],"curies":[{"name":"wp","href":"https:\/\/api.w.org\/{rel}","templated":true}]}}