{"id":15850,"date":"2020-03-10T19:45:28","date_gmt":"2020-03-10T18:45:28","guid":{"rendered":"https:\/\/kodmalopolska.pl\/?p=15850"},"modified":"2020-03-10T19:55:57","modified_gmt":"2020-03-10T18:55:57","slug":"komunikat-zarzadu-regionu-w-sprawie-odwolania-wydarzen-regionalnych","status":"publish","type":"post","link":"https:\/\/kodmalopolska.pl\/?p=15850","title":{"rendered":"Komunikat Zarz\u0105du Regionu w sprawie odwo\u0142ania wydarze\u0144 regionalnych"},"content":{"rendered":"\n<p class=\"has-text-align-right\">Krak\u00f3w, 10 marca 2020<\/p>\n\n\n\n<p>Szanowni Pa\u0144stwo.<\/p>\n\n\n\n<p>W zwi\u0105zku z zaleceniami Pa\u0144stwowej Inspekcji Sanitarnej oraz zakazem organizacji imprez masowych spowodowanym ryzykiem rozprzestrzeniania si\u0119 koronawirusa COVID-19, informujemy, \u017ce <strong>Zarz\u0105d Regionu Ma\u0142opolskie postanowi\u0142 wstrzyma\u0107 organizacj\u0119 protest\u00f3w i manifestacji<\/strong> \u2013 w tym manifestacji solidarno\u015bci z s\u0119dzi\u0105 Igorem Tuley\u0105 zaplanowan\u0105 na 19 marca \u2013 do czasu ustabilizowania si\u0119 sytuacji epidemiologicznej w kraju.<\/p>\n\n\n\n<p>Decyzja ta podyktowana jest trosk\u0105 o Wasze bezpiecze\u0144stwo oraz zdrowie. Wirus rozprzestrzenia si\u0119 drog\u0105 kropelkow\u0105 oraz przez kontakt, dlatego przebywanie w du\u017cym skupisku ludzi, takim jak podczas manifestacji, mo\u017ce nie\u015b\u0107 ze sob\u0105 ryzyko zaka\u017cenia.<\/p>\n\n\n\n<p>Forma wsparcia s\u0119dziego Tuleyi jest aktualnie przedmiotem dyskusji w ZR oraz ZG. Uwa\u017camy, \u017ce podj\u0119cie dzia\u0142a\u0144 w tej sprawie jest niezb\u0119dne, dlatego w najbli\u017cszych dniach przedstawimy alternatywny plan dzia\u0142a\u0144.<\/p>\n\n\n\n<p>KOD b\u0119dzie monitorowa\u0142 sytuacj\u0119, czy \u015brodki podj\u0119te przez w\u0142adze nie b\u0119d\u0105 nadu\u017cywane w celu st\u0142umienia debaty politycznej. Jednocze\u015bnie apelujemy o przestrzeganie zalece\u0144 s\u0142u\u017cb sanitarnych oraz nie uleganie niepotrzebnej panice.<\/p>\n\n\n\n<p><em>Zarz\u0105d Regionu Ma\u0142opolskie<\/em><\/p>\n","protected":false},"excerpt":{"rendered":"<p>Krak\u00f3w, 10 marca 2020 Szanowni Pa\u0144stwo. W zwi\u0105zku z zaleceniami Pa\u0144stwowej Inspekcji Sanitarnej oraz zakazem organizacji imprez masowych spowodowanym ryzykiem [&#8230;]<\/p>\n","protected":false},"author":24,"featured_media":15851,"comment_status":"closed","ping_status":"open","sticky":false,"template":"","format":"standard","meta":{"_EventAllDay":false,"_EventTimezone":"","_EventStartDate":"","_EventEndDate":"","_EventStartDateUTC":"","_EventEndDateUTC":"","_EventShowMap":false,"_EventShowMapLink":false,"_EventURL":"","_EventCost":"","_EventCostDescription":"","_EventCurrencySymbol":"","_EventCurrencyCode":"","_EventCurrencyPosition":"","_EventDateTimeSeparator":"","_EventTimeRangeSeparator":"","_EventOrganizerID":[],"_EventVenueID":[],"_OrganizerEmail":"","_OrganizerPhone":"","_OrganizerWebsite":"","_VenueAddress":"","_VenueCity":"","_VenueCountry":"","_VenueProvince":"","_VenueState":"","_VenueZip":"","_VenuePhone":"","_VenueURL":"","_VenueStateProvince":"","_VenueLat":"","_VenueLng":"","_VenueShowMap":false,"_VenueShowMapLink":false,"footnotes":""},"categories":[28,294],"tags":[],"class_list":["post-15850","post","type-post","status-publish","format-standard","has-post-thumbnail","hentry","category-malopolskie-news","category-komunikaty","malopolskie-news","komunikaty"],"_links":{"self":[{"href":"https:\/\/kodmalopolska.pl\/index.php?rest_route=\/wp\/v2\/posts\/15850","targetHints":{"allow":["GET"]}}],"collection":[{"href":"https:\/\/kodmalopolska.pl\/index.php?rest_route=\/wp\/v2\/posts"}],"about":[{"href":"https:\/\/kodmalopolska.pl\/index.php?rest_route=\/wp\/v2\/types\/post"}],"author":[{"embeddable":true,"href":"https:\/\/kodmalopolska.pl\/index.php?rest_route=\/wp\/v2\/users\/24"}],"replies":[{"embeddable":true,"href":"https:\/\/kodmalopolska.pl\/index.php?rest_route=%2Fwp%2Fv2%2Fcomments&post=15850"}],"version-history":[{"count":0,"href":"https:\/\/kodmalopolska.pl\/index.php?rest_route=\/wp\/v2\/posts\/15850\/revisions"}],"wp:featuredmedia":[{"embeddable":true,"href":"https:\/\/kodmalopolska.pl\/index.php?rest_route=\/wp\/v2\/media\/15851"}],"wp:attachment":[{"href":"https:\/\/kodmalopolska.pl\/index.php?rest_route=%2Fwp%2Fv2%2Fmedia&parent=15850"}],"wp:term":[{"taxonomy":"category","embeddable":true,"href":"https:\/\/kodmalopolska.pl\/index.php?rest_route=%2Fwp%2Fv2%2Fcategories&post=15850"},{"taxonomy":"post_tag","embeddable":true,"href":"https:\/\/kodmalopolska.pl\/index.php?rest_route=%2Fwp%2Fv2%2Ftags&post=15850"}],"curies":[{"name":"wp","href":"https:\/\/api.w.org\/{rel}","templated":true}]}}