{"id":15839,"date":"2020-03-10T19:37:40","date_gmt":"2020-03-10T18:37:40","guid":{"rendered":"https:\/\/kodmalopolska.pl\/?p=15839"},"modified":"2020-03-10T19:37:46","modified_gmt":"2020-03-10T18:37:46","slug":"komunikat-zarzadu-glownego-w-sprawie-odwolania-wszystkich-imprez","status":"publish","type":"post","link":"https:\/\/kodmalopolska.pl\/?p=15839","title":{"rendered":"Komunikat Zarz\u0105du G\u0142\u00f3wnego w sprawie odwo\u0142ania wszystkich imprez"},"content":{"rendered":"\n<p>Komitet Obrony Demokracji wstrzymuje do odwo\u0142ania organizacj\u0119  wszystkich imprez: spotka\u0144, koncert\u00f3w, wyk\u0142ad\u00f3w, debat oraz manifestacji  i pikiet, w kt\u00f3rych planowany jest udzia\u0142 ponad stu os\u00f3b.<\/p>\n\n\n\n<p>Decyzj\u0119 o potencjalnym odwo\u0142aniu zaplanowanych ju\u017c wydarze\u0144 \npozostawiamy organizatorom, kt\u00f3rzy powinni uzale\u017cni\u0107 j\u0105 od sytuacji we \nw\u0142asnych regionach.<br \/>\nApelujemy do cz\u0142onk\u00f3w Stowarzyszenia, aby w decyzjach dotycz\u0105cych swojej\n aktywno\u015bci spo\u0142ecznej kierowali si\u0119 zdrowym rozs\u0105dkiem, zaleceniami \nlekarzy i stacji epidemiologicznych, a jednocze\u015bnie nie ulegali panice i\n chaosowi dezinformacji wynikaj\u0105cemu z nieprzygotowania w\u0142adz do \nsytuacji kryzysowej.<\/p>\n\n\n\n<p><em>Zarz\u0105d G\u0142\u00f3wny Komitetu Obrony Demokracji<\/em><\/p>\n","protected":false},"excerpt":{"rendered":"<p>Komitet Obrony Demokracji wstrzymuje do odwo\u0142ania organizacj\u0119 wszystkich imprez: spotka\u0144, koncert\u00f3w, wyk\u0142ad\u00f3w, debat oraz manifestacji i pikiet, w kt\u00f3rych planowany [&#8230;]<\/p>\n","protected":false},"author":24,"featured_media":15840,"comment_status":"closed","ping_status":"open","sticky":false,"template":"","format":"standard","meta":{"_EventAllDay":false,"_EventTimezone":"","_EventStartDate":"","_EventEndDate":"","_EventStartDateUTC":"","_EventEndDateUTC":"","_EventShowMap":false,"_EventShowMapLink":false,"_EventURL":"","_EventCost":"","_EventCostDescription":"","_EventCurrencySymbol":"","_EventCurrencyCode":"","_EventCurrencyPosition":"","_EventDateTimeSeparator":"","_EventTimeRangeSeparator":"","_EventOrganizerID":[],"_EventVenueID":[],"_OrganizerEmail":"","_OrganizerPhone":"","_OrganizerWebsite":"","_VenueAddress":"","_VenueCity":"","_VenueCountry":"","_VenueProvince":"","_VenueState":"","_VenueZip":"","_VenuePhone":"","_VenueURL":"","_VenueStateProvince":"","_VenueLat":"","_VenueLng":"","_VenueShowMap":false,"_VenueShowMapLink":false,"footnotes":""},"categories":[28,48],"tags":[],"class_list":["post-15839","post","type-post","status-publish","format-standard","has-post-thumbnail","hentry","category-malopolskie-news","category-kod-centrala","malopolskie-news","kod-centrala"],"_links":{"self":[{"href":"https:\/\/kodmalopolska.pl\/index.php?rest_route=\/wp\/v2\/posts\/15839","targetHints":{"allow":["GET"]}}],"collection":[{"href":"https:\/\/kodmalopolska.pl\/index.php?rest_route=\/wp\/v2\/posts"}],"about":[{"href":"https:\/\/kodmalopolska.pl\/index.php?rest_route=\/wp\/v2\/types\/post"}],"author":[{"embeddable":true,"href":"https:\/\/kodmalopolska.pl\/index.php?rest_route=\/wp\/v2\/users\/24"}],"replies":[{"embeddable":true,"href":"https:\/\/kodmalopolska.pl\/index.php?rest_route=%2Fwp%2Fv2%2Fcomments&post=15839"}],"version-history":[{"count":0,"href":"https:\/\/kodmalopolska.pl\/index.php?rest_route=\/wp\/v2\/posts\/15839\/revisions"}],"wp:featuredmedia":[{"embeddable":true,"href":"https:\/\/kodmalopolska.pl\/index.php?rest_route=\/wp\/v2\/media\/15840"}],"wp:attachment":[{"href":"https:\/\/kodmalopolska.pl\/index.php?rest_route=%2Fwp%2Fv2%2Fmedia&parent=15839"}],"wp:term":[{"taxonomy":"category","embeddable":true,"href":"https:\/\/kodmalopolska.pl\/index.php?rest_route=%2Fwp%2Fv2%2Fcategories&post=15839"},{"taxonomy":"post_tag","embeddable":true,"href":"https:\/\/kodmalopolska.pl\/index.php?rest_route=%2Fwp%2Fv2%2Ftags&post=15839"}],"curies":[{"name":"wp","href":"https:\/\/api.w.org\/{rel}","templated":true}]}}