{"id":15809,"date":"2020-03-10T11:38:03","date_gmt":"2020-03-10T10:38:03","guid":{"rendered":"https:\/\/kodmalopolska.pl\/?p=15809"},"modified":"2020-03-10T11:39:51","modified_gmt":"2020-03-10T10:39:51","slug":"kariery-i-ambicje-felieton-fryderyka-zolla-121","status":"publish","type":"post","link":"https:\/\/kodmalopolska.pl\/?p=15809","title":{"rendered":"Kariery i ambicje. Felieton Fryderyka Zolla (121)"},"content":{"rendered":"\n<p class=\"has-drop-cap\">Andrzej Duda zrobi\u0142 doprawdy osza\u0142amiaj\u0105c\u0105 karier\u0119. Rzadko udaje si\u0119 tak urzeczywistni\u0107 marzenia ma\u0142ych ch\u0142opc\u00f3w. Szanse na to, \u017ce akurat on zostanie prezydentem Polski, by\u0142y nik\u0142e. Do wyborczego zwyci\u0119stwa musia\u0142 doprowadzi\u0107 splot zupe\u0142nie nadzwyczajnych zdarze\u0144. Niejeden podro\u015bni\u0119ty ma\u0142y ch\u0142opiec na pewno zatrz\u0105s\u0142 si\u0119 z zazdro\u015bci, gdy Andrzej Duda, adiunkt na wydziale prawa, sk\u0142ada\u0142 przysi\u0119g\u0119 prezydenck\u0105. Ale Duda zajmowa\u0142 wa\u017cne stanowiska tak\u017ce wcze\u015bniej. By\u0142 wiceministrem sprawiedliwo\u015bci u Ziobry (o czym zapominamy), by\u0142 ministrem u Lecha Kaczy\u0144skiego, by\u0142 pos\u0142em i eurodeputowanym. Zw\u0142aszcza pierwsze dwa urz\u0119dy sygnalizowa\u0142y istotne cechy charakteru przysz\u0142ego prezydenta. Podlegaj\u0105c Ziobrze, Duda m\u00f3g\u0142 si\u0119 \u0107wiczy\u0107 w demonta\u017cu pa\u0144stwa prawa. W s\u0142u\u017cbie Lechowi Kaczy\u0144skiemu nie drgn\u0119\u0142a mu r\u0119ka, gdy przygotowywa\u0142 dokument u\u0142askawienia kolegi zi\u0119cia prezydenta i negatywn\u0105 opini\u0119 o rozci\u0105gni\u0119ciu kontroli KNF nad SKOK\u2011ami, co mia\u0142o miliardowe nast\u0119pstwa dla systemu bankowego. Ju\u017c wtedy da\u0142 si\u0119 pozna\u0107 jako cz\u0142owiek ca\u0142kowicie zale\u017cny od swojego aktualnego mentora. Mentorem takim sta\u0142 si\u0119 dla niego w ko\u0144cu Jaros\u0142aw Kaczy\u0144ski, kt\u00f3ry nieraz okazuje Dudzie wzgard\u0119, ale popiera go ze wzgl\u0119du na jego wrodzon\u0105 niesamodzielno\u015b\u0107. Duda ma zapewne kompleks na tym tle, dlatego czasami wierzga, jak przy zawetowaniu ustaw s\u0105dowych i ostatnio w przypadku Kurskiego. Gdy jednak sposobno\u015b\u0107 do wierzgania minie, wszystko wraca na swoje miejsce \u2013 ba, jest jeszcze gorsze. Duda to przestroga dla ma\u0142ych ch\u0142opc\u00f3w o wielkich ambicjach: nie warto aspirowa\u0107 do urz\u0119d\u00f3w, do kt\u00f3rych si\u0119 nie doros\u0142o. Lepiej by\u0107 solidnym sekretarzem gminy, zas\u0142u\u017conym dla lokalnej wsp\u00f3lnoty, lepiej by\u0107 adiunktem dziel\u0105cym si\u0119 wiedz\u0105 czy po prostu zwyk\u0142ym obywatelem, kt\u00f3ry wykonuje swoje obowi\u0105zki. Lepsze to, ni\u017c wspi\u0105\u0107 si\u0119 na sam szczyt i przechodzi\u0107 do historii w taki spos\u00f3b. W gruncie rzeczy to smutne. Duda mia\u0142 szans\u0119 inaczej zapisa\u0107 si\u0119 w najnowszych dziejach Polski. Szkoda, \u017ce na samym pocz\u0105tku nie pos\u0142ucha\u0142 koleg\u00f3w z uczelni, kt\u00f3rzy wskazywali mu \u015bcie\u017ck\u0119 prawo\u015bci. Wybra\u0142 inn\u0105 drog\u0119: drog\u0119 nocnych zaprzysi\u0119\u017ce\u0144, tak by unikn\u0105\u0107 wzroku Konstytucji. Ona jednak widzi noc\u0105. Raz z\u0142amany, konsekwentnie ju\u017c opowiada\u0142 si\u0119 za deptaniem prawa i niszczeniem wsp\u00f3lnoty obywateli. Teraz przeznaczy\u0142 dwa miliardy z\u0142otych na co\u015b, dzi\u0119ki czemu chcia\u0142by jeszcze przez pi\u0119\u0107 lat chroni\u0107 si\u0119 przed prawem i histori\u0105. Trzeba do\u0142o\u017cy\u0107 stara\u0144, \u017ceby ten zamiar si\u0119 nie powi\u00f3d\u0142. A dla ma\u0142ych ch\u0142opc\u00f3w to nauczka: Mickiewicz nie mia\u0142 racji. Nale\u017cy mierzy\u0107 zamiar pod\u0142ug si\u0142. W przeciwnym razie jest i \u015bmiesznie, i strasznie.<\/p>\n\n\n\n<hr class=\"wp-block-separator\"\/>\n\n\n\n<p><em>Felieton jest wyrazem opinii autora. Nie prezentuje stanowiska ZR Ma\u0142opolskie KOD<\/em>. <\/p>\n","protected":false},"excerpt":{"rendered":"<p>Andrzej Duda zrobi\u0142 doprawdy osza\u0142amiaj\u0105c\u0105 karier\u0119. Rzadko udaje si\u0119 tak urzeczywistni\u0107 marzenia ma\u0142ych ch\u0142opc\u00f3w. Szanse na to, \u017ce akurat on [&#8230;]<\/p>\n","protected":false},"author":24,"featured_media":12411,"comment_status":"closed","ping_status":"open","sticky":false,"template":"","format":"standard","meta":{"_EventAllDay":false,"_EventTimezone":"","_EventStartDate":"","_EventEndDate":"","_EventStartDateUTC":"","_EventEndDateUTC":"","_EventShowMap":false,"_EventShowMapLink":false,"_EventURL":"","_EventCost":"","_EventCostDescription":"","_EventCurrencySymbol":"","_EventCurrencyCode":"","_EventCurrencyPosition":"","_EventDateTimeSeparator":"","_EventTimeRangeSeparator":"","_EventOrganizerID":[],"_EventVenueID":[],"_OrganizerEmail":"","_OrganizerPhone":"","_OrganizerWebsite":"","_VenueAddress":"","_VenueCity":"","_VenueCountry":"","_VenueProvince":"","_VenueState":"","_VenueZip":"","_VenuePhone":"","_VenueURL":"","_VenueStateProvince":"","_VenueLat":"","_VenueLng":"","_VenueShowMap":false,"_VenueShowMapLink":false,"footnotes":""},"categories":[596],"tags":[],"class_list":["post-15809","post","type-post","status-publish","format-standard","has-post-thumbnail","hentry","category-felietony","felietony"],"_links":{"self":[{"href":"https:\/\/kodmalopolska.pl\/index.php?rest_route=\/wp\/v2\/posts\/15809","targetHints":{"allow":["GET"]}}],"collection":[{"href":"https:\/\/kodmalopolska.pl\/index.php?rest_route=\/wp\/v2\/posts"}],"about":[{"href":"https:\/\/kodmalopolska.pl\/index.php?rest_route=\/wp\/v2\/types\/post"}],"author":[{"embeddable":true,"href":"https:\/\/kodmalopolska.pl\/index.php?rest_route=\/wp\/v2\/users\/24"}],"replies":[{"embeddable":true,"href":"https:\/\/kodmalopolska.pl\/index.php?rest_route=%2Fwp%2Fv2%2Fcomments&post=15809"}],"version-history":[{"count":0,"href":"https:\/\/kodmalopolska.pl\/index.php?rest_route=\/wp\/v2\/posts\/15809\/revisions"}],"wp:featuredmedia":[{"embeddable":true,"href":"https:\/\/kodmalopolska.pl\/index.php?rest_route=\/wp\/v2\/media\/12411"}],"wp:attachment":[{"href":"https:\/\/kodmalopolska.pl\/index.php?rest_route=%2Fwp%2Fv2%2Fmedia&parent=15809"}],"wp:term":[{"taxonomy":"category","embeddable":true,"href":"https:\/\/kodmalopolska.pl\/index.php?rest_route=%2Fwp%2Fv2%2Fcategories&post=15809"},{"taxonomy":"post_tag","embeddable":true,"href":"https:\/\/kodmalopolska.pl\/index.php?rest_route=%2Fwp%2Fv2%2Ftags&post=15809"}],"curies":[{"name":"wp","href":"https:\/\/api.w.org\/{rel}","templated":true}]}}