{"id":15765,"date":"2020-03-05T22:02:00","date_gmt":"2020-03-05T21:02:00","guid":{"rendered":"https:\/\/kodmalopolska.pl\/?p=15765"},"modified":"2020-03-05T22:02:09","modified_gmt":"2020-03-05T21:02:09","slug":"wyrok-w-sprawie-zniszczenia-baneru-kod-w-zakopanem","status":"publish","type":"post","link":"https:\/\/kodmalopolska.pl\/?p=15765","title":{"rendered":"Wyrok w sprawie zniszczenia baneru KOD w Zakopanem"},"content":{"rendered":"\n<p>KOD Podhale w 2019 roku zorganizowa\u0142 na Krup\u00f3wkach uroczysto\u015b\u0107 z okazji 3 Maja.&nbsp;\u015apiewano pie\u015bni patriotyczne, odczytano fragmenty Pana Tadeusza. By\u0142o pogodnie i \u015bwi\u0105tecznie.<\/p>\n\n\n\n<p>Podczas kr\u00f3tkiej przerwy w wyst\u0119pach organizatorzy zostali zaatakowani przez trzech m\u0142odych m\u0119\u017cczyzn, kt\u00f3rzy zerwali baner KOD-u i uciekli z nim, dokonuj\u0105c rozboju i kradzie\u017cy.<\/p>\n\n\n\n<p>Zdarzenie zg\u0142oszono policji i stra\u017cy miejskiej, wskazano te\u017c punkty monitoringu. Post\u0119powanie w tej sprawie chciano umorzy\u0107, ale po zaskar\u017ceniu tej decyzji policja podj\u0119\u0142a dzia\u0142ania i ustali\u0142a to\u017csamo\u015b\u0107 jednego ze sprawc\u00f3w.<\/p>\n\n\n\n<p>Pod koniec 2019 roku s\u0105d nakaza\u0142 sprawcy naprawienie bezpo\u015bredniej szkody, czyli zap\u0142at\u0119 za skradziony baner, i pokrycie koszt\u00f3w s\u0105dowych, a tak\u017ce na\u0142o\u017cy\u0142 na niego kar\u0119 w wysoko\u015bci 1000 z\u0142otych. Wyrok (w za\u0142\u0105czeniu) jest prawomocny i zostanie wyegzekwowany.<\/p>\n\n\n\n<div class=\"wp-block-file\"><a href=\"https:\/\/kodmalopolska.pl\/wp-content\/uploads\/2020\/03\/wyrok-w-sprawie-banera-KOD-Podhale.pdf\">Tre\u015b\u0107 wyroku w sprawie banera KOD Podhale<\/a><a href=\"https:\/\/kodmalopolska.pl\/wp-content\/uploads\/2020\/03\/wyrok-w-sprawie-banera-KOD-Podhale.pdf\" class=\"wp-block-file__button\" download>Pobierz<\/a><\/div>\n","protected":false},"excerpt":{"rendered":"<p>KOD Podhale w 2019 roku zorganizowa\u0142 na Krup\u00f3wkach uroczysto\u015b\u0107 z okazji 3 Maja.&nbsp;\u015apiewano pie\u015bni patriotyczne, odczytano fragmenty Pana Tadeusza. By\u0142o [&#8230;]<\/p>\n","protected":false},"author":31,"featured_media":11597,"comment_status":"closed","ping_status":"open","sticky":false,"template":"","format":"standard","meta":{"_EventAllDay":false,"_EventTimezone":"","_EventStartDate":"","_EventEndDate":"","_EventStartDateUTC":"","_EventEndDateUTC":"","_EventShowMap":false,"_EventShowMapLink":false,"_EventURL":"","_EventCost":"","_EventCostDescription":"","_EventCurrencySymbol":"","_EventCurrencyCode":"","_EventCurrencyPosition":"","_EventDateTimeSeparator":"","_EventTimeRangeSeparator":"","_EventOrganizerID":[],"_EventVenueID":[],"_OrganizerEmail":"","_OrganizerPhone":"","_OrganizerWebsite":"","_VenueAddress":"","_VenueCity":"","_VenueCountry":"","_VenueProvince":"","_VenueState":"","_VenueZip":"","_VenuePhone":"","_VenueURL":"","_VenueStateProvince":"","_VenueLat":"","_VenueLng":"","_VenueShowMap":false,"_VenueShowMapLink":false,"footnotes":""},"categories":[28],"tags":[],"class_list":["post-15765","post","type-post","status-publish","format-standard","has-post-thumbnail","hentry","category-malopolskie-news","malopolskie-news"],"_links":{"self":[{"href":"https:\/\/kodmalopolska.pl\/index.php?rest_route=\/wp\/v2\/posts\/15765","targetHints":{"allow":["GET"]}}],"collection":[{"href":"https:\/\/kodmalopolska.pl\/index.php?rest_route=\/wp\/v2\/posts"}],"about":[{"href":"https:\/\/kodmalopolska.pl\/index.php?rest_route=\/wp\/v2\/types\/post"}],"author":[{"embeddable":true,"href":"https:\/\/kodmalopolska.pl\/index.php?rest_route=\/wp\/v2\/users\/31"}],"replies":[{"embeddable":true,"href":"https:\/\/kodmalopolska.pl\/index.php?rest_route=%2Fwp%2Fv2%2Fcomments&post=15765"}],"version-history":[{"count":0,"href":"https:\/\/kodmalopolska.pl\/index.php?rest_route=\/wp\/v2\/posts\/15765\/revisions"}],"wp:featuredmedia":[{"embeddable":true,"href":"https:\/\/kodmalopolska.pl\/index.php?rest_route=\/wp\/v2\/media\/11597"}],"wp:attachment":[{"href":"https:\/\/kodmalopolska.pl\/index.php?rest_route=%2Fwp%2Fv2%2Fmedia&parent=15765"}],"wp:term":[{"taxonomy":"category","embeddable":true,"href":"https:\/\/kodmalopolska.pl\/index.php?rest_route=%2Fwp%2Fv2%2Fcategories&post=15765"},{"taxonomy":"post_tag","embeddable":true,"href":"https:\/\/kodmalopolska.pl\/index.php?rest_route=%2Fwp%2Fv2%2Ftags&post=15765"}],"curies":[{"name":"wp","href":"https:\/\/api.w.org\/{rel}","templated":true}]}}