{"id":15702,"date":"2020-02-28T14:44:31","date_gmt":"2020-02-28T13:44:31","guid":{"rendered":"https:\/\/kodmalopolska.pl\/?p=15702"},"modified":"2020-02-28T14:44:35","modified_gmt":"2020-02-28T13:44:35","slug":"oswiadczenie-zarzadu-regionu-malopolskie-ws-teczowych-herbow-miast","status":"publish","type":"post","link":"https:\/\/kodmalopolska.pl\/?p=15702","title":{"rendered":"O\u015bwiadczenie Zarz\u0105du Regionu Ma\u0142opolskie ws. &#8222;t\u0119czowych herb\u00f3w miast&#8221;"},"content":{"rendered":"\n<p class=\"has-text-align-center\"><strong>O\u015aWIADCZENIE <br \/>ZARZ\u0104DU REGIONU MA\u0141OPOLSKIE KOMITETU OBRONY DEMOKRACJI<br \/>z dnia 27 lutego 2020<\/strong><\/p>\n\n\n\n<p>Zarz\u0105d Regionu Ma\u0142opolskie KOD wyra\u017ca sprzeciw wobec wszelkich dzia\u0142a\u0144 podejmowanych przez urz\u0119dnik\u00f3w pa\u0144stwowych w celu wywo\u0142ania efektu mro\u017c\u0105cego u obywateli, kt\u00f3rzy staraj\u0105 si\u0119 \u2013 r\u00f3wnie\u017c przy wykorzystaniu narodowej czy regionalnej symboliki \u2013 wskazywa\u0107 na wa\u017cne kwestie spo\u0142eczne. Herby stanowi\u0105 przedmiot naturalnej artystycznej i obywatelskiej ekspresji. <\/p>\n\n\n\n<p>W czerwcu ubieg\u0142ego roku Rada Gminy Jordan\u00f3w powzi\u0119\u0142a dyskryminuj\u0105c\u0105 uchwa\u0142\u0119 o sprzeciwie wobec \u201edzia\u0142a\u0144 zorientowanych na promowanie ideologii ruch\u00f3w LGBT\u201d. Wiele okolicznych miejscowo\u015bci og\u0142osi\u0142o si\u0119 \u201estrefami wolnymi od LGBT\u201d. Gest Pana Jana: przer\u00f3bka herbu Jordanowa, ma pokaza\u0107, \u017ce miasta i wsie s\u0105 dobrem wszystkich mieszka\u0144c\u00f3w bez wzgl\u0119du na ich przynale\u017cno\u015b\u0107 do jakiejkolwiek mniejszo\u015bci. Podobne motywy kierowa\u0142y Magdalen\u0105 Jasieniak, organizatork\u0105 I Marszu R\u00f3wno\u015bci w Rabce-Zdroju i tw\u00f3rczyni\u0105 t\u0119czowego god\u0142a Rabki.   <\/p>\n\n\n\n<p>Sugestie, \u017ce m\u0142odzi ludzie mogliby zosta\u0107 ukarani za dzia\u0142anie w interesie spo\u0142ecze\u0144stwa, uwa\u017camy za niedopuszczaln\u0105 form\u0119 nacisku. Przypominamy, \u017ce w 2018 roku post\u0119powanie w sprawie podejrzenia profanacji god\u0142a pa\u0144stwowego przez umieszczenie go na t\u0119czowej tarczy zosta\u0142o umorzone przez prokuratur\u0119, kt\u00f3ra argumentowa\u0142a, \u017ce zniewa\u017cenie mia\u0142oby miejsce jedynie wtedy, gdyby dzia\u0142anie wyra\u017ca\u0142o celowe lekcewa\u017cenie lub pogard\u0119.<\/p>\n\n\n\n<p>Przedstawiciele w\u0142adzy nie musz\u0105 podziela\u0107 pogl\u0105d\u00f3w obywateli ani ich opinii na temat form ekspresji s\u0142u\u017c\u0105cych interesowi publicznemu, jednak represjonowanie zachowa\u0144, kt\u00f3re nie wyrz\u0105dzaj\u0105 \u017cadnej szkody, a zwracaj\u0105 powszechn\u0105 uwag\u0119 na istotny problem spo\u0142eczny, nie mie\u015bci si\u0119 w ramach wolnego i demokratycznego spo\u0142ecze\u0144stwa.<\/p>\n\n\n\n<p>Wzywamy w\u0142adze samorz\u0105dowe wszystkich szczebli do powstrzymania si\u0119 od dzia\u0142a\u0144, kt\u00f3re nosz\u0105 znamiona n\u0119kania w zwi\u0105zku z aktywno\u015bci\u0105 obywatelsk\u0105 i spo\u0142eczn\u0105. Jednocze\u015bnie deklarujemy wsparcie dla os\u00f3b, kt\u00f3re przez takie dzia\u0142ania w\u0142adz mog\u0105 by\u0107 pokrzywdzone.<\/p>\n","protected":false},"excerpt":{"rendered":"<p>O\u015aWIADCZENIE ZARZ\u0104DU REGIONU MA\u0141OPOLSKIE KOMITETU OBRONY DEMOKRACJIz dnia 27 lutego 2020 Zarz\u0105d Regionu Ma\u0142opolskie KOD wyra\u017ca sprzeciw wobec wszelkich dzia\u0142a\u0144 [&#8230;]<\/p>\n","protected":false},"author":24,"featured_media":15691,"comment_status":"closed","ping_status":"open","sticky":false,"template":"","format":"standard","meta":{"_EventAllDay":false,"_EventTimezone":"","_EventStartDate":"","_EventEndDate":"","_EventStartDateUTC":"","_EventEndDateUTC":"","_EventShowMap":false,"_EventShowMapLink":false,"_EventURL":"","_EventCost":"","_EventCostDescription":"","_EventCurrencySymbol":"","_EventCurrencyCode":"","_EventCurrencyPosition":"","_EventDateTimeSeparator":"","_EventTimeRangeSeparator":"","_EventOrganizerID":[],"_EventVenueID":[],"_OrganizerEmail":"","_OrganizerPhone":"","_OrganizerWebsite":"","_VenueAddress":"","_VenueCity":"","_VenueCountry":"","_VenueProvince":"","_VenueState":"","_VenueZip":"","_VenuePhone":"","_VenueURL":"","_VenueStateProvince":"","_VenueLat":"","_VenueLng":"","_VenueShowMap":false,"_VenueShowMapLink":false,"footnotes":""},"categories":[294],"tags":[],"class_list":["post-15702","post","type-post","status-publish","format-standard","has-post-thumbnail","hentry","category-komunikaty","komunikaty"],"_links":{"self":[{"href":"https:\/\/kodmalopolska.pl\/index.php?rest_route=\/wp\/v2\/posts\/15702","targetHints":{"allow":["GET"]}}],"collection":[{"href":"https:\/\/kodmalopolska.pl\/index.php?rest_route=\/wp\/v2\/posts"}],"about":[{"href":"https:\/\/kodmalopolska.pl\/index.php?rest_route=\/wp\/v2\/types\/post"}],"author":[{"embeddable":true,"href":"https:\/\/kodmalopolska.pl\/index.php?rest_route=\/wp\/v2\/users\/24"}],"replies":[{"embeddable":true,"href":"https:\/\/kodmalopolska.pl\/index.php?rest_route=%2Fwp%2Fv2%2Fcomments&post=15702"}],"version-history":[{"count":0,"href":"https:\/\/kodmalopolska.pl\/index.php?rest_route=\/wp\/v2\/posts\/15702\/revisions"}],"wp:featuredmedia":[{"embeddable":true,"href":"https:\/\/kodmalopolska.pl\/index.php?rest_route=\/wp\/v2\/media\/15691"}],"wp:attachment":[{"href":"https:\/\/kodmalopolska.pl\/index.php?rest_route=%2Fwp%2Fv2%2Fmedia&parent=15702"}],"wp:term":[{"taxonomy":"category","embeddable":true,"href":"https:\/\/kodmalopolska.pl\/index.php?rest_route=%2Fwp%2Fv2%2Fcategories&post=15702"},{"taxonomy":"post_tag","embeddable":true,"href":"https:\/\/kodmalopolska.pl\/index.php?rest_route=%2Fwp%2Fv2%2Ftags&post=15702"}],"curies":[{"name":"wp","href":"https:\/\/api.w.org\/{rel}","templated":true}]}}