{"id":15692,"date":"2020-02-28T14:39:53","date_gmt":"2020-02-28T13:39:53","guid":{"rendered":"https:\/\/kodmalopolska.pl\/?p=15692"},"modified":"2020-02-28T14:40:00","modified_gmt":"2020-02-28T13:40:00","slug":"holownia-i-republika-felieton-fryderyka-zolla-116","status":"publish","type":"post","link":"https:\/\/kodmalopolska.pl\/?p=15692","title":{"rendered":"Ho\u0142ownia i republika. Felieton Fryderyka Zolla (116)"},"content":{"rendered":"\n<p class=\"has-drop-cap\">Jacek \u017bakowski wyra\u017ca w \u201eGazecie Wyborczej\u201d opini\u0119, \u017ce sam start Szymona Ho\u0142owni, osoby bez do\u015bwiadczenia politycznego, kt\u00f3ra nie pi\u0119\u0142a si\u0119 po szczeblach politycznej kariery, dowodzi braku normalno\u015bci proces\u00f3w zachodz\u0105cych w naszej ojczy\u017anie. Dowod\u00f3w na brak normalno\u015bci w Polsce niew\u0105tpliwie nie trzeba szuka\u0107, ale akurat kandydatura Ho\u0142owni nie \u015bwiadczy o wadliwo\u015bci tego czy innego mechanizmu. Nie wiem, kogo popr\u0119 w pierwszej turze wybor\u00f3w prezydenckich. Czworo demokratycznych kandydat\u00f3w: Kidawa-B\u0142o\u0144ska, Biedro\u0144, Kosiniak-Kamysz i Ho\u0142ownia, daje nadziej\u0119 na przywr\u00f3cenie funkcjonowania podstawowych instytucji pa\u0144stwa. W pierwszej turze chodzi o to, \u017ceby doprowadzi\u0107 do drugiej tury i \u017ceby kandydat demokracji, kt\u00f3ry do niej przejdzie, nie by\u0142 poobijany przez demokrat\u00f3w popieraj\u0105cych jego konkurent\u00f3w. W drugiej turze potrzebne s\u0105 g\u0142osy wszystkich, kt\u00f3rzy wierz\u0105 w Polsk\u0119 w Europie, w rodzinie pa\u0144stw demokratycznych. Stawka jest niezwykle wysoka. <br \/>\nCzy rzeczywi\u015bcie kandydatura Szymona Ho\u0142owni jest tak dziwnym zjawiskiem, w\u0142a\u015bciwym jedynie nam Polakom? Nie spos\u00f3b dokona\u0107 oceny bez zastanowienia si\u0119 nad rol\u0105, jak\u0105 w \u015bwietle Konstytucji odgrywa Prezydent RP. Jego najwa\u017cniejszym zadaniem, ca\u0142kowicie zaniedbanym czy po prostu zignorowanym przez Dud\u0119, jest budowanie narodowej (w znaczeniu obywatelskim) wsp\u00f3lnoty. Prezydent ma niwelowa\u0107 naturaln\u0105 polityczn\u0105 polaryzacj\u0119 w Sejmie i Senacie. Powinien wetowa\u0107 ustawy, kt\u00f3re zyskuj\u0105 niewielk\u0105 wi\u0119kszo\u015b\u0107 g\u0142os\u00f3w, a g\u0142\u0119boko rozrywaj\u0105 spo\u0142ecze\u0144stwo. Jego funkcja stra\u017cnika Konstytucji to pilnowanie praw tych, kt\u00f3rzy wybory przegrali, tak by nie czuli si\u0119 wyrzuceni poza nawias. Szymon Ho\u0142ownia ma wiele cech, kt\u00f3re pozwalaj\u0105 pozszywa\u0107 zdewastowan\u0105 przez w\u0142adz\u0119 PiS\u2011u i Dudy wsp\u00f3lnot\u0119 narodow\u0105. Jest cz\u0142owiekiem \u015brodka. Na trudne, polaryzuj\u0105ce pytania odpowiada, powo\u0142uj\u0105c si\u0119 na procedury demokratyczne. Mo\u017cna si\u0119 spodziewa\u0107, \u017ce jako Prezydent RP podejmowa\u0142by decyzje tak, by jak najmniej cierpia\u0142y na tym wi\u0119zi obywatelskie. Taki w\u0142a\u015bnie otwarty katolik, z do\u015bwiadczeniem niesienia pomocy w dotkni\u0119tych kl\u0119skami miejscach na \u015bwiecie, pokaza\u0142, \u017ce ma charakter. M\u00f3g\u0142by naprawi\u0107 z\u0142o PiS\u2011u, nie zostawiaj\u0105c wyborc\u00f3w tej partii za burt\u0105 wsp\u00f3lnoty.<br \/>\nNie wiem, na kogo oddam g\u0142os. Moim zdaniem to bardzo dobrze, \u017ce jako \u015brodowiska demokratyczne mamy do wyboru czworo kandydat\u00f3w demokratycznej Polski, z kt\u00f3rych ka\u017cdy kwalifikuje si\u0119 do tego urz\u0119du. Nie os\u0142abiajmy ich pozycji, bo ka\u017cdy z nich mo\u017ce si\u0119 znale\u017a\u0107 w drugiej turze, a wtedy godz\u0105ce w nich s\u0142owa b\u0119d\u0105 s\u0142u\u017cy\u0107 Dudzie. A przecie\u017c sam redaktor \u017bakowski m\u00f3wi\u0142, \u017ce zna co najmniej kilka milion\u00f3w os\u00f3b, kt\u00f3re bardziej od Dudy nadaj\u0105 si\u0119 na Prezydenta RP. Nie wolno nam dopu\u015bci\u0107 do tego, by wybory wygra\u0142 Duda, bo nie ma w Polsce gorszego od niego kandydata.<\/p>\n","protected":false},"excerpt":{"rendered":"<p>Jacek \u017bakowski wyra\u017ca w \u201eGazecie Wyborczej\u201d opini\u0119, \u017ce sam start Szymona Ho\u0142owni, osoby bez do\u015bwiadczenia politycznego, kt\u00f3ra nie pi\u0119\u0142a si\u0119 [&#8230;]<\/p>\n","protected":false},"author":24,"featured_media":12411,"comment_status":"closed","ping_status":"open","sticky":false,"template":"","format":"standard","meta":{"_EventAllDay":false,"_EventTimezone":"","_EventStartDate":"","_EventEndDate":"","_EventStartDateUTC":"","_EventEndDateUTC":"","_EventShowMap":false,"_EventShowMapLink":false,"_EventURL":"","_EventCost":"","_EventCostDescription":"","_EventCurrencySymbol":"","_EventCurrencyCode":"","_EventCurrencyPosition":"","_EventDateTimeSeparator":"","_EventTimeRangeSeparator":"","_EventOrganizerID":[],"_EventVenueID":[],"_OrganizerEmail":"","_OrganizerPhone":"","_OrganizerWebsite":"","_VenueAddress":"","_VenueCity":"","_VenueCountry":"","_VenueProvince":"","_VenueState":"","_VenueZip":"","_VenuePhone":"","_VenueURL":"","_VenueStateProvince":"","_VenueLat":"","_VenueLng":"","_VenueShowMap":false,"_VenueShowMapLink":false,"footnotes":""},"categories":[596],"tags":[],"class_list":["post-15692","post","type-post","status-publish","format-standard","has-post-thumbnail","hentry","category-felietony","felietony"],"_links":{"self":[{"href":"https:\/\/kodmalopolska.pl\/index.php?rest_route=\/wp\/v2\/posts\/15692","targetHints":{"allow":["GET"]}}],"collection":[{"href":"https:\/\/kodmalopolska.pl\/index.php?rest_route=\/wp\/v2\/posts"}],"about":[{"href":"https:\/\/kodmalopolska.pl\/index.php?rest_route=\/wp\/v2\/types\/post"}],"author":[{"embeddable":true,"href":"https:\/\/kodmalopolska.pl\/index.php?rest_route=\/wp\/v2\/users\/24"}],"replies":[{"embeddable":true,"href":"https:\/\/kodmalopolska.pl\/index.php?rest_route=%2Fwp%2Fv2%2Fcomments&post=15692"}],"version-history":[{"count":0,"href":"https:\/\/kodmalopolska.pl\/index.php?rest_route=\/wp\/v2\/posts\/15692\/revisions"}],"wp:featuredmedia":[{"embeddable":true,"href":"https:\/\/kodmalopolska.pl\/index.php?rest_route=\/wp\/v2\/media\/12411"}],"wp:attachment":[{"href":"https:\/\/kodmalopolska.pl\/index.php?rest_route=%2Fwp%2Fv2%2Fmedia&parent=15692"}],"wp:term":[{"taxonomy":"category","embeddable":true,"href":"https:\/\/kodmalopolska.pl\/index.php?rest_route=%2Fwp%2Fv2%2Fcategories&post=15692"},{"taxonomy":"post_tag","embeddable":true,"href":"https:\/\/kodmalopolska.pl\/index.php?rest_route=%2Fwp%2Fv2%2Ftags&post=15692"}],"curies":[{"name":"wp","href":"https:\/\/api.w.org\/{rel}","templated":true}]}}