{"id":15558,"date":"2020-02-17T19:19:40","date_gmt":"2020-02-17T18:19:40","guid":{"rendered":"https:\/\/kodmalopolska.pl\/?p=15558"},"modified":"2020-02-17T19:19:43","modified_gmt":"2020-02-17T18:19:43","slug":"zdziwienie-pani-burmistrz-felieton-fryderyka-zolla-108","status":"publish","type":"post","link":"https:\/\/kodmalopolska.pl\/?p=15558","title":{"rendered":"Zdziwienie pani burmistrz. Felieton Fryderyka Zolla (108)"},"content":{"rendered":"\n<p class=\"has-drop-cap\">Pani burmistrz Tuchowa dziwi si\u0119 radnym partnerskiego Saint-Jean\u2011de-Braye we Francji. Miasteczko to zerwa\u0142o dwudziestosze\u015bcioletnie partnerstwo po tym, jak Tuch\u00f3w og\u0142osi\u0142 si\u0119 stref\u0105 woln\u0105 od LGBT. Pani burmistrz nie rozumie, dlaczego gmina ma odpowiada\u0107 za decyzj\u0119 grupki radnych. A przecie\u017c to proste: odpowiadamy za w\u0142adze, kt\u00f3re wybrali\u015bmy. Odpowiadamy zw\u0142aszcza wtedy, gdy te wybrane przez nas w\u0142adze podejmuj\u0105 uchwa\u0142\u0119 tak obrzydliw\u0105 jak ta dotycz\u0105ca LGBT, godz\u0105c\u0105 w elementarne prawa cz\u0142owieka, ra\u017c\u0105co sprzeczn\u0105 ze standardami dzisiejszej Europy. Pani burmistrz nie powinna si\u0119 dziwi\u0107. Po takiej uchwale kierowanie gmin\u0105 jest etycznie w\u0105tpliwe, nawet je\u015bli sama pani burmistrz pod uchwa\u0142\u0105 by si\u0119 nie podpisa\u0142a. Nie s\u0142ysza\u0142em zreszt\u0105 o \u017cadnych protestach w Tuchowie. Ze wsp\u00f3lnotami, kt\u00f3re kieruj\u0105 si\u0119 ideologi\u0105 stref wolnych od LGBT, nikt nie b\u0119dzie rozmawia\u0142, nie b\u0119dzie niczego im wyja\u015bnia\u0142. Pozostawanie w stosunkach partnerskich z gmin\u0105, kt\u00f3ra co\u015b takiego uchwala, okry\u0142oby ha\u0144b\u0105 tak\u017ce francuskiego partnera. Rz\u0105dy PiS\u2011u \u015bci\u0105gaj\u0105 ha\u0144b\u0119 na nas wszystkich. Ludzie Zachodu patrz\u0105 na dziczej\u0105c\u0105 i dziwaczej\u0105c\u0105 Polsk\u0119 z coraz wi\u0119kszym za\u017cenowaniem. Dlatego protesty KOD\u2011u, w tym akcja \u201eGmina wolna od nienawi\u015bci\u201d, s\u0105 tak wa\u017cne. Ratuj\u0105 nasz honor. Prawdziwym rozwi\u0105zaniem jednak jest odrzucenie tej w\u0142adzy \u2013 coraz bardziej groteskowej, ale wci\u0105\u017c tworz\u0105cej kultur\u0119 pogardy. Ka\u017cdy musi sobie zada\u0107 pytanie, co zrobi\u0142 konkretnego, \u017ceby PiS i marionetkowego prezydenta odsun\u0105\u0107 od w\u0142adzy. Przytwierdzenie tabliczki z napisem \u201eWOLNE OD NIENAWI\u015aCI\u201d to dopiero pierwszy krok.<\/p>\n","protected":false},"excerpt":{"rendered":"<p>Pani burmistrz Tuchowa dziwi si\u0119 radnym partnerskiego Saint-Jean\u2011de-Braye we Francji. Miasteczko to zerwa\u0142o dwudziestosze\u015bcioletnie partnerstwo po tym, jak Tuch\u00f3w og\u0142osi\u0142 [&#8230;]<\/p>\n","protected":false},"author":24,"featured_media":12411,"comment_status":"closed","ping_status":"open","sticky":false,"template":"","format":"standard","meta":{"_EventAllDay":false,"_EventTimezone":"","_EventStartDate":"","_EventEndDate":"","_EventStartDateUTC":"","_EventEndDateUTC":"","_EventShowMap":false,"_EventShowMapLink":false,"_EventURL":"","_EventCost":"","_EventCostDescription":"","_EventCurrencySymbol":"","_EventCurrencyCode":"","_EventCurrencyPosition":"","_EventDateTimeSeparator":"","_EventTimeRangeSeparator":"","_EventOrganizerID":[],"_EventVenueID":[],"_OrganizerEmail":"","_OrganizerPhone":"","_OrganizerWebsite":"","_VenueAddress":"","_VenueCity":"","_VenueCountry":"","_VenueProvince":"","_VenueState":"","_VenueZip":"","_VenuePhone":"","_VenueURL":"","_VenueStateProvince":"","_VenueLat":"","_VenueLng":"","_VenueShowMap":false,"_VenueShowMapLink":false,"footnotes":""},"categories":[596],"tags":[],"class_list":["post-15558","post","type-post","status-publish","format-standard","has-post-thumbnail","hentry","category-felietony","felietony"],"_links":{"self":[{"href":"https:\/\/kodmalopolska.pl\/index.php?rest_route=\/wp\/v2\/posts\/15558","targetHints":{"allow":["GET"]}}],"collection":[{"href":"https:\/\/kodmalopolska.pl\/index.php?rest_route=\/wp\/v2\/posts"}],"about":[{"href":"https:\/\/kodmalopolska.pl\/index.php?rest_route=\/wp\/v2\/types\/post"}],"author":[{"embeddable":true,"href":"https:\/\/kodmalopolska.pl\/index.php?rest_route=\/wp\/v2\/users\/24"}],"replies":[{"embeddable":true,"href":"https:\/\/kodmalopolska.pl\/index.php?rest_route=%2Fwp%2Fv2%2Fcomments&post=15558"}],"version-history":[{"count":0,"href":"https:\/\/kodmalopolska.pl\/index.php?rest_route=\/wp\/v2\/posts\/15558\/revisions"}],"wp:featuredmedia":[{"embeddable":true,"href":"https:\/\/kodmalopolska.pl\/index.php?rest_route=\/wp\/v2\/media\/12411"}],"wp:attachment":[{"href":"https:\/\/kodmalopolska.pl\/index.php?rest_route=%2Fwp%2Fv2%2Fmedia&parent=15558"}],"wp:term":[{"taxonomy":"category","embeddable":true,"href":"https:\/\/kodmalopolska.pl\/index.php?rest_route=%2Fwp%2Fv2%2Fcategories&post=15558"},{"taxonomy":"post_tag","embeddable":true,"href":"https:\/\/kodmalopolska.pl\/index.php?rest_route=%2Fwp%2Fv2%2Ftags&post=15558"}],"curies":[{"name":"wp","href":"https:\/\/api.w.org\/{rel}","templated":true}]}}