{"id":15485,"date":"2020-02-13T22:42:30","date_gmt":"2020-02-13T21:42:30","guid":{"rendered":"https:\/\/kodmalopolska.pl\/?p=15485"},"modified":"2020-02-13T22:42:33","modified_gmt":"2020-02-13T21:42:33","slug":"wyrwa-felieton-fryderyka-zolla-105","status":"publish","type":"post","link":"https:\/\/kodmalopolska.pl\/?p=15485","title":{"rendered":"Wyrwa. Felieton Fryderyka Zolla (105)"},"content":{"rendered":"\n<p class=\"has-drop-cap\">Prezes Stanis\u0142aw Zab\u0142ocki odchodzi. Z ca\u0142ego kraju nap\u0142ywaj\u0105 informacje, \u017ce s\u0119dziowie rezygnuj\u0105 ze swoich funkcji. Jeszcze wi\u0119ksze straty trzeba b\u0119dzie liczy\u0107 w\u015br\u00f3d m\u0142odych ludzi, kt\u00f3rzy dowiaduj\u0105 si\u0119 teraz, \u017ce zaw\u00f3d s\u0119dziowski w Polsce wi\u0105\u017ce si\u0119 z niepokonalnymi konfliktami sumienia. Tak naprawd\u0119 nie mo\u017cna zosta\u0107 s\u0119dzi\u0105 bez kompromisu moralnego. Coraz trudniej jest orzeka\u0107 zgodnie z sumieniem, a premiowane s\u0105 karierowiczostwo i niemoralno\u015b\u0107. W\u0142a\u015bnie to mo\u017ce si\u0119 okaza\u0107 najtrwalszym efektem rz\u0105d\u00f3w Ziobry. S\u0119dziami b\u0119d\u0105 ci, kt\u00f3rzy swoj\u0105 niezale\u017cno\u015b\u0107 przehandluj\u0105 ju\u017c na starcie i nawet tego nie zauwa\u017c\u0105, bo nie stanowi ona dla nich \u017cadnej warto\u015bci. Jako nauczyciele prawa musimy zada\u0107 sobie pytanie o sens naszej pracy. Po co kszta\u0142cimy m\u0142odych ludzi? Czy nasze katedry maj\u0105 by\u0107 szko\u0142ami oportunizmu? S\u0142usznie m\u00f3wi Vera Jourova, \u017ce zniszczenia mog\u0105 by\u0107 ju\u017c nieodwracalne. Zapewne uda si\u0119 kiedy\u015b naprawi\u0107 struktury, ale odbudowa etosu s\u0119dziego b\u0119dzie bardzo ci\u0119\u017cka. Nawet stosuj\u0105c najostrzejsze sankcje, Europa nie zmieni nas samych: nie zmieni spo\u0142ecze\u0144stwa, kt\u00f3re jako ca\u0142o\u015b\u0107 nie doros\u0142o do demokracji, nie obroni\u0142o swoich s\u0105d\u00f3w. Na ulicach powinny nas by\u0107 miliony. Nie rozumiemy, jak wiele tracimy. Mo\u017cna odnie\u015b\u0107 wra\u017cenie, \u017ce nadchodz\u0105 czasy Polski o twarzy Ziobry, Polski konformist\u00f3w i karierowicz\u00f3w, czasy Rzeczpospolitej Cynicznej. Czy jeste\u015bmy w stanie to zatrzyma\u0107?<\/p>\n","protected":false},"excerpt":{"rendered":"<p>Prezes Stanis\u0142aw Zab\u0142ocki odchodzi. Z ca\u0142ego kraju nap\u0142ywaj\u0105 informacje, \u017ce s\u0119dziowie rezygnuj\u0105 ze swoich funkcji. Jeszcze wi\u0119ksze straty trzeba b\u0119dzie [&#8230;]<\/p>\n","protected":false},"author":24,"featured_media":12411,"comment_status":"closed","ping_status":"open","sticky":false,"template":"","format":"standard","meta":{"_EventAllDay":false,"_EventTimezone":"","_EventStartDate":"","_EventEndDate":"","_EventStartDateUTC":"","_EventEndDateUTC":"","_EventShowMap":false,"_EventShowMapLink":false,"_EventURL":"","_EventCost":"","_EventCostDescription":"","_EventCurrencySymbol":"","_EventCurrencyCode":"","_EventCurrencyPosition":"","_EventDateTimeSeparator":"","_EventTimeRangeSeparator":"","_EventOrganizerID":[],"_EventVenueID":[],"_OrganizerEmail":"","_OrganizerPhone":"","_OrganizerWebsite":"","_VenueAddress":"","_VenueCity":"","_VenueCountry":"","_VenueProvince":"","_VenueState":"","_VenueZip":"","_VenuePhone":"","_VenueURL":"","_VenueStateProvince":"","_VenueLat":"","_VenueLng":"","_VenueShowMap":false,"_VenueShowMapLink":false,"footnotes":""},"categories":[596],"tags":[],"class_list":["post-15485","post","type-post","status-publish","format-standard","has-post-thumbnail","hentry","category-felietony","felietony"],"_links":{"self":[{"href":"https:\/\/kodmalopolska.pl\/index.php?rest_route=\/wp\/v2\/posts\/15485","targetHints":{"allow":["GET"]}}],"collection":[{"href":"https:\/\/kodmalopolska.pl\/index.php?rest_route=\/wp\/v2\/posts"}],"about":[{"href":"https:\/\/kodmalopolska.pl\/index.php?rest_route=\/wp\/v2\/types\/post"}],"author":[{"embeddable":true,"href":"https:\/\/kodmalopolska.pl\/index.php?rest_route=\/wp\/v2\/users\/24"}],"replies":[{"embeddable":true,"href":"https:\/\/kodmalopolska.pl\/index.php?rest_route=%2Fwp%2Fv2%2Fcomments&post=15485"}],"version-history":[{"count":0,"href":"https:\/\/kodmalopolska.pl\/index.php?rest_route=\/wp\/v2\/posts\/15485\/revisions"}],"wp:featuredmedia":[{"embeddable":true,"href":"https:\/\/kodmalopolska.pl\/index.php?rest_route=\/wp\/v2\/media\/12411"}],"wp:attachment":[{"href":"https:\/\/kodmalopolska.pl\/index.php?rest_route=%2Fwp%2Fv2%2Fmedia&parent=15485"}],"wp:term":[{"taxonomy":"category","embeddable":true,"href":"https:\/\/kodmalopolska.pl\/index.php?rest_route=%2Fwp%2Fv2%2Fcategories&post=15485"},{"taxonomy":"post_tag","embeddable":true,"href":"https:\/\/kodmalopolska.pl\/index.php?rest_route=%2Fwp%2Fv2%2Ftags&post=15485"}],"curies":[{"name":"wp","href":"https:\/\/api.w.org\/{rel}","templated":true}]}}