{"id":15251,"date":"2020-01-31T11:11:46","date_gmt":"2020-01-31T10:11:46","guid":{"rendered":"https:\/\/kodmalopolska.pl\/?p=15251"},"modified":"2020-01-31T11:11:55","modified_gmt":"2020-01-31T10:11:55","slug":"aksjologia-panstwa-felieton-fryderyka-zolla-96","status":"publish","type":"post","link":"https:\/\/kodmalopolska.pl\/?p=15251","title":{"rendered":"Aksjologia pa\u0144stwa. Felieton Fryderyka Zolla (96)"},"content":{"rendered":"\n<p class=\"has-drop-cap\">Koledzy ministra Gowina, zwi\u0105zani z \u017cegluj\u0105cym przez najbardziej prawicowe odm\u0119ty Ko\u015bcio\u0142a Instytutem Ordo Iuris, postanowili zaj\u0105\u0107 si\u0119 wolno\u015bci\u0105 akademick\u0105. Projekt tej grupy, jak si\u0119 zdaje, ma wyznacza\u0107 kierunek dalszego przekszta\u0142cania uniwersytet\u00f3w zgodnie z PiS\u2011owsk\u0105 wizj\u0105 \u015bwiata. Ot\u00f3\u017c w dydaktyce trzeba b\u0119dzie przestrzega\u0107 \u201ewarto\u015bci chrze\u015bcija\u0144skich i aksjologii pa\u0144stwa\u201d. Koncepcja uniwersytetu dryfuje coraz wyra\u017aniej ku rektorskiej dyktaturze. Proste: je\u017celi masz rektora, masz te\u017c uniwersytet. Teraz PiS\u2011owska w\u0142adza musi tylko osadzi\u0107 PiS\u2011owskich rektor\u00f3w (w Warszawie s\u0105 na to widoki) i ju\u017c mo\u017cna zacz\u0105\u0107 realizowa\u0107 aksjologi\u0119 pa\u0144stwa. Rektorzy nie musz\u0105 si\u0119 nawet g\u0142owi\u0107, jak przedstawi\u0107 t\u0119 dziejow\u0105 konieczno\u015b\u0107: gotowy wz\u00f3r wyk\u0142adu znajd\u0105 w s\u0142ynnej mowie rektorskiej Heideggera z 1934 roku. Troch\u0119 trzeba b\u0119dzie pozmienia\u0107 \u2013 inne pa\u0144stwo, inny w\u00f3dz \u2013 ale poza tym wszystko pasuje, a ju\u017c wym\u00f3g przestrzegania pa\u0144stwowej aksjologii pasuje wprost znakomicie. Tak oto pod\u0105\u017camy rado\u015bnie w kierunku wolno\u015bci akademickiej rozumianej jako u\u015bwiadomiona konieczno\u015b\u0107 dziejowa. Mamy szans\u0119 dokona\u0107 tw\u00f3rczej syntezy dw\u00f3ch totalitaryzm\u00f3w. W imi\u0119 uniwersyteckiego realizowania aksjologii pa\u0144stwa.<\/p>\n","protected":false},"excerpt":{"rendered":"<p>Koledzy ministra Gowina, zwi\u0105zani z \u017cegluj\u0105cym przez najbardziej prawicowe odm\u0119ty Ko\u015bcio\u0142a Instytutem Ordo Iuris, postanowili zaj\u0105\u0107 si\u0119 wolno\u015bci\u0105 akademick\u0105. Projekt [&#8230;]<\/p>\n","protected":false},"author":24,"featured_media":12411,"comment_status":"closed","ping_status":"open","sticky":false,"template":"","format":"standard","meta":{"_EventAllDay":false,"_EventTimezone":"","_EventStartDate":"","_EventEndDate":"","_EventStartDateUTC":"","_EventEndDateUTC":"","_EventShowMap":false,"_EventShowMapLink":false,"_EventURL":"","_EventCost":"","_EventCostDescription":"","_EventCurrencySymbol":"","_EventCurrencyCode":"","_EventCurrencyPosition":"","_EventDateTimeSeparator":"","_EventTimeRangeSeparator":"","_EventOrganizerID":[],"_EventVenueID":[],"_OrganizerEmail":"","_OrganizerPhone":"","_OrganizerWebsite":"","_VenueAddress":"","_VenueCity":"","_VenueCountry":"","_VenueProvince":"","_VenueState":"","_VenueZip":"","_VenuePhone":"","_VenueURL":"","_VenueStateProvince":"","_VenueLat":"","_VenueLng":"","_VenueShowMap":false,"_VenueShowMapLink":false,"footnotes":""},"categories":[596],"tags":[],"class_list":["post-15251","post","type-post","status-publish","format-standard","has-post-thumbnail","hentry","category-felietony","felietony"],"_links":{"self":[{"href":"https:\/\/kodmalopolska.pl\/index.php?rest_route=\/wp\/v2\/posts\/15251","targetHints":{"allow":["GET"]}}],"collection":[{"href":"https:\/\/kodmalopolska.pl\/index.php?rest_route=\/wp\/v2\/posts"}],"about":[{"href":"https:\/\/kodmalopolska.pl\/index.php?rest_route=\/wp\/v2\/types\/post"}],"author":[{"embeddable":true,"href":"https:\/\/kodmalopolska.pl\/index.php?rest_route=\/wp\/v2\/users\/24"}],"replies":[{"embeddable":true,"href":"https:\/\/kodmalopolska.pl\/index.php?rest_route=%2Fwp%2Fv2%2Fcomments&post=15251"}],"version-history":[{"count":0,"href":"https:\/\/kodmalopolska.pl\/index.php?rest_route=\/wp\/v2\/posts\/15251\/revisions"}],"wp:featuredmedia":[{"embeddable":true,"href":"https:\/\/kodmalopolska.pl\/index.php?rest_route=\/wp\/v2\/media\/12411"}],"wp:attachment":[{"href":"https:\/\/kodmalopolska.pl\/index.php?rest_route=%2Fwp%2Fv2%2Fmedia&parent=15251"}],"wp:term":[{"taxonomy":"category","embeddable":true,"href":"https:\/\/kodmalopolska.pl\/index.php?rest_route=%2Fwp%2Fv2%2Fcategories&post=15251"},{"taxonomy":"post_tag","embeddable":true,"href":"https:\/\/kodmalopolska.pl\/index.php?rest_route=%2Fwp%2Fv2%2Ftags&post=15251"}],"curies":[{"name":"wp","href":"https:\/\/api.w.org\/{rel}","templated":true}]}}