{"id":15221,"date":"2020-01-29T12:50:04","date_gmt":"2020-01-29T11:50:04","guid":{"rendered":"https:\/\/kodmalopolska.pl\/?p=15221"},"modified":"2020-01-29T12:50:07","modified_gmt":"2020-01-29T11:50:07","slug":"polityka-historyczna-i-wina-narodow-felieton-fryderyka-zolla-93","status":"publish","type":"post","link":"https:\/\/kodmalopolska.pl\/?p=15221","title":{"rendered":"Polityka historyczna i wina narod\u00f3w. Felieton Fryderyka Zolla (93)"},"content":{"rendered":"\n<p class=\"has-drop-cap\">Uroczysto\u015bci rocznicowe zwi\u0105zane z wyzwoleniem obozu Auschwitz, w tym dwa konkurencyjne wydarzenia w O\u015bwi\u0119cimiu i w Yad Vashem, pokazuj\u0105, \u017ce powoli zapominamy o wnioskach, jakie ludzko\u015b\u0107 powinna wyci\u0105gn\u0105\u0107 z tej niewyobra\u017calnej zbrodni i nieszcz\u0119\u015bcia. Tocz\u0105 si\u0119 przedziwne narodowe dyskusje o roli poszczeg\u00f3lnych narod\u00f3w w tragedii II wojny \u015bwiatowej. Jest w tej polityce historycznej przemo\u017cna ch\u0119\u0107 udowodnienia, \u017ce jeden nar\u00f3d jest niewinny, a drugi winny. Przyjmujemy w ten spos\u00f3b perspektyw\u0119, z kt\u00f3rej \u015bwiat postrzegaj\u0105 nacjonalizm i nazizm. To pa\u0144stwa, a nie narody, ponosz\u0105 odpowiedzialno\u015b\u0107 za zbrodnie pope\u0142nione na ich terytorium (co te\u017c oznacza, \u017ce pa\u0144stwa niesuwerenne takiej odpowiedzialno\u015bci nie ponosz\u0105). Ale tak naprawd\u0119 wniosek z tych straszliwych do\u015bwiadcze\u0144 jest jeden. Ludzie w okre\u015blonych warunkach s\u0105 zdolni do zbrodni i do wielkich czyn\u00f3w. Zdolno\u015b\u0107 ta nie jest cech\u0105 narod\u00f3w, ale ludzkiej natury. Wina lub niewinno\u015b\u0107 danego narodu s\u0105 nacjonalistycznymi kategoriami, po kt\u00f3re w tej dyskusji nie nale\u017cy si\u0119ga\u0107. To cz\u0142owiek jako cz\u0142owiek jest winny. To cz\u0142owiek pope\u0142nia zbrodnie, racjonalizuj\u0105c je niekiedy narodow\u0105 mitologi\u0105. Z up\u0142ywem czasu tracimy og\u00f3lnoludzk\u0105 perspektyw\u0119 Auschwitz. Wchodzimy znowu w narracje, kt\u00f3re prowadz\u0105 do wyzwolenia nacjonalistycznych potwor\u00f3w. Odpowiedzi\u0105 na Auschwitz, odpowiedzi\u0105 wsp\u00f3lnoty ludzkiej, powinna by\u0107 nieust\u0119pliwa obrona praw cz\u0142owieka, pa\u0144stwa prawa i demokracji, a tak\u017ce zwyk\u0142y szacunek dla innych, oparty na niepodwa\u017calnej godno\u015bci ka\u017cdej osoby \u2013 najwa\u017cniejszego \u017ar\u00f3d\u0142a wszelkich praw, praw niezbywalnych.<\/p>\n","protected":false},"excerpt":{"rendered":"<p>Uroczysto\u015bci rocznicowe zwi\u0105zane z wyzwoleniem obozu Auschwitz, w tym dwa konkurencyjne wydarzenia w O\u015bwi\u0119cimiu i w Yad Vashem, pokazuj\u0105, \u017ce [&#8230;]<\/p>\n","protected":false},"author":24,"featured_media":12411,"comment_status":"closed","ping_status":"open","sticky":false,"template":"","format":"standard","meta":{"_EventAllDay":false,"_EventTimezone":"","_EventStartDate":"","_EventEndDate":"","_EventStartDateUTC":"","_EventEndDateUTC":"","_EventShowMap":false,"_EventShowMapLink":false,"_EventURL":"","_EventCost":"","_EventCostDescription":"","_EventCurrencySymbol":"","_EventCurrencyCode":"","_EventCurrencyPosition":"","_EventDateTimeSeparator":"","_EventTimeRangeSeparator":"","_EventOrganizerID":[],"_EventVenueID":[],"_OrganizerEmail":"","_OrganizerPhone":"","_OrganizerWebsite":"","_VenueAddress":"","_VenueCity":"","_VenueCountry":"","_VenueProvince":"","_VenueState":"","_VenueZip":"","_VenuePhone":"","_VenueURL":"","_VenueStateProvince":"","_VenueLat":"","_VenueLng":"","_VenueShowMap":false,"_VenueShowMapLink":false,"footnotes":""},"categories":[596],"tags":[],"class_list":["post-15221","post","type-post","status-publish","format-standard","has-post-thumbnail","hentry","category-felietony","felietony"],"_links":{"self":[{"href":"https:\/\/kodmalopolska.pl\/index.php?rest_route=\/wp\/v2\/posts\/15221","targetHints":{"allow":["GET"]}}],"collection":[{"href":"https:\/\/kodmalopolska.pl\/index.php?rest_route=\/wp\/v2\/posts"}],"about":[{"href":"https:\/\/kodmalopolska.pl\/index.php?rest_route=\/wp\/v2\/types\/post"}],"author":[{"embeddable":true,"href":"https:\/\/kodmalopolska.pl\/index.php?rest_route=\/wp\/v2\/users\/24"}],"replies":[{"embeddable":true,"href":"https:\/\/kodmalopolska.pl\/index.php?rest_route=%2Fwp%2Fv2%2Fcomments&post=15221"}],"version-history":[{"count":0,"href":"https:\/\/kodmalopolska.pl\/index.php?rest_route=\/wp\/v2\/posts\/15221\/revisions"}],"wp:featuredmedia":[{"embeddable":true,"href":"https:\/\/kodmalopolska.pl\/index.php?rest_route=\/wp\/v2\/media\/12411"}],"wp:attachment":[{"href":"https:\/\/kodmalopolska.pl\/index.php?rest_route=%2Fwp%2Fv2%2Fmedia&parent=15221"}],"wp:term":[{"taxonomy":"category","embeddable":true,"href":"https:\/\/kodmalopolska.pl\/index.php?rest_route=%2Fwp%2Fv2%2Fcategories&post=15221"},{"taxonomy":"post_tag","embeddable":true,"href":"https:\/\/kodmalopolska.pl\/index.php?rest_route=%2Fwp%2Fv2%2Ftags&post=15221"}],"curies":[{"name":"wp","href":"https:\/\/api.w.org\/{rel}","templated":true}]}}