{"id":15153,"date":"2020-01-22T17:09:07","date_gmt":"2020-01-22T16:09:07","guid":{"rendered":"https:\/\/kodmalopolska.pl\/?p=15153"},"modified":"2020-01-22T17:09:08","modified_gmt":"2020-01-22T16:09:08","slug":"jutro-felieton-fryderyka-zolla-89","status":"publish","type":"post","link":"https:\/\/kodmalopolska.pl\/?p=15153","title":{"rendered":"Jutro. Felieton Fryderyka Zolla (89)"},"content":{"rendered":"\n<p class=\"has-drop-cap\">O polskich sprawach zadecyduje postawa i determinacja ludzi. Tak\u017ce to, czy przyjd\u0105 na jutrzejszy protest. To, czy nie pozwol\u0105 si\u0119 omami\u0107 w\u0142adzy, kt\u00f3ra kupuje artyku\u0142y dziennikarzy, \u017ceby zdoby\u0107 ich przychylno\u015b\u0107. Kupieni dziennikarze wol\u0105 jednak pozosta\u0107 anonimowi: jakakolwiek wsp\u00f3\u0142praca z t\u0105 w\u0142adz\u0105, a zw\u0142aszcza z Ministerstwem Sprawiedliwo\u015bci, nie przynosi chluby. Nic dziwnego, \u017ce z tak\u0105 zaci\u0119to\u015bci\u0105 walczy si\u0119 o nieujawnianie list poparcia dla neo\u2011KRS. Tak w\u0142a\u015bnie wygl\u0105da postulowana przez PiS transparentno\u015b\u0107 w\u0142adzy. Ale rzecz jest powa\u017cniejsza. Nazwisko na tej li\u015bcie to obci\u0105\u017cenie na ca\u0142e \u017cycie. Zdumiewaj\u0105ce, \u017ce b\u0119d\u0105c s\u0119dzi\u0105, mo\u017cna odej\u015b\u0107 tak daleko od etosu s\u0119dziego. Ale nie ma si\u0119 co \u0142udzi\u0107, \u017ce lista pozostanie tajemnic\u0105. Nie w dzisiejszych czasach. Te nazwiska pr\u0119dzej czy p\u00f3\u017aniej wyp\u0142yn\u0105. S\u0105 dowodem na brak legitymacji w\u0142adzy, kt\u00f3ra nie by\u0142a nawet w stanie zdoby\u0107 podpis\u00f3w 25 s\u0119dzi\u00f3w przekonanych do proponowanej przez ni\u0105 reformy. Musia\u0142a naciska\u0107, przymusza\u0107, a zapewne i tak si\u0119 nie uda\u0142o. Lista poparcia dla neo\u2011KRS to symbol w\u0142adzy, kt\u00f3ra boi si\u0119 jawno\u015bci ods\u0142aniaj\u0105cej jej machinacje.<br \/>\nBardzo trudno b\u0119dzie przywr\u00f3ci\u0107 \u0142ad. Ka\u017cdy dzie\u0144 rz\u0105d\u00f3w Ziobry, Kaczy\u0144skiego, Morawieckiego wspieranych przez us\u0142u\u017cnego Dud\u0119 pogr\u0105\u017ca pa\u0144stwo i rodzi dalsz\u0105 niesprawiedliwo\u015b\u0107. Opozycja powinna ju\u017c teraz opracowywa\u0107 rozwi\u0105zania, kt\u00f3re pozwol\u0105 pokona\u0107 kryzys bez niezas\u0142u\u017conych krzywd. My\u015bl\u0119 tu na przyk\u0142ad o absolwentach Krajowej Szko\u0142y S\u0105downictwa i Prokuratury, kt\u00f3rzy za PiS\u2011u zostali asesorami. Byli w sytuacji przymusowej. S\u0105 \u015bwietnymi prawnikami, przygotowanymi do zawodu. Naprawa pa\u0144stwa nie mo\u017ce oznacza\u0107 rezygnacji z tych m\u0142odych ludzi, wci\u0105gni\u0119tych w bagno przez PiS\u2011owsk\u0105 w\u0142adz\u0119. Przywracanie sprawiedliwo\u015bci musi by\u0107 sprawiedliwe. <br \/>\nJutro trzeba nam protestowa\u0107 w obronie s\u0105d\u00f3w. Jutro trzeba si\u0119 domaga\u0107 odrzucenia ustawy kaga\u0144cowej, zako\u0144czenia dzia\u0142alno\u015bci Izby Dyscyplinarnej i Ziobrowych rzecznik\u00f3w dyscyplinarnych. Jutro trzeba \u017c\u0105da\u0107 wykonywania orzecze\u0144 prawdziwych s\u0119dzi\u00f3w. Mamy prawo do pa\u0144stwa prawa. Gdy je odzyskamy, musimy go strzec. W interesie wszystkich. Absolutnie wszystkich.<\/p>\n","protected":false},"excerpt":{"rendered":"<p>O polskich sprawach zadecyduje postawa i determinacja ludzi. Tak\u017ce to, czy przyjd\u0105 na jutrzejszy protest. To, czy nie pozwol\u0105 si\u0119 [&#8230;]<\/p>\n","protected":false},"author":24,"featured_media":12411,"comment_status":"closed","ping_status":"open","sticky":false,"template":"","format":"standard","meta":{"_EventAllDay":false,"_EventTimezone":"","_EventStartDate":"","_EventEndDate":"","_EventStartDateUTC":"","_EventEndDateUTC":"","_EventShowMap":false,"_EventShowMapLink":false,"_EventURL":"","_EventCost":"","_EventCostDescription":"","_EventCurrencySymbol":"","_EventCurrencyCode":"","_EventCurrencyPosition":"","_EventDateTimeSeparator":"","_EventTimeRangeSeparator":"","_EventOrganizerID":[],"_EventVenueID":[],"_OrganizerEmail":"","_OrganizerPhone":"","_OrganizerWebsite":"","_VenueAddress":"","_VenueCity":"","_VenueCountry":"","_VenueProvince":"","_VenueState":"","_VenueZip":"","_VenuePhone":"","_VenueURL":"","_VenueStateProvince":"","_VenueLat":"","_VenueLng":"","_VenueShowMap":false,"_VenueShowMapLink":false,"footnotes":""},"categories":[596],"tags":[],"class_list":["post-15153","post","type-post","status-publish","format-standard","has-post-thumbnail","hentry","category-felietony","felietony"],"_links":{"self":[{"href":"https:\/\/kodmalopolska.pl\/index.php?rest_route=\/wp\/v2\/posts\/15153","targetHints":{"allow":["GET"]}}],"collection":[{"href":"https:\/\/kodmalopolska.pl\/index.php?rest_route=\/wp\/v2\/posts"}],"about":[{"href":"https:\/\/kodmalopolska.pl\/index.php?rest_route=\/wp\/v2\/types\/post"}],"author":[{"embeddable":true,"href":"https:\/\/kodmalopolska.pl\/index.php?rest_route=\/wp\/v2\/users\/24"}],"replies":[{"embeddable":true,"href":"https:\/\/kodmalopolska.pl\/index.php?rest_route=%2Fwp%2Fv2%2Fcomments&post=15153"}],"version-history":[{"count":0,"href":"https:\/\/kodmalopolska.pl\/index.php?rest_route=\/wp\/v2\/posts\/15153\/revisions"}],"wp:featuredmedia":[{"embeddable":true,"href":"https:\/\/kodmalopolska.pl\/index.php?rest_route=\/wp\/v2\/media\/12411"}],"wp:attachment":[{"href":"https:\/\/kodmalopolska.pl\/index.php?rest_route=%2Fwp%2Fv2%2Fmedia&parent=15153"}],"wp:term":[{"taxonomy":"category","embeddable":true,"href":"https:\/\/kodmalopolska.pl\/index.php?rest_route=%2Fwp%2Fv2%2Fcategories&post=15153"},{"taxonomy":"post_tag","embeddable":true,"href":"https:\/\/kodmalopolska.pl\/index.php?rest_route=%2Fwp%2Fv2%2Ftags&post=15153"}],"curies":[{"name":"wp","href":"https:\/\/api.w.org\/{rel}","templated":true}]}}