{"id":15121,"date":"2020-01-21T16:28:21","date_gmt":"2020-01-21T15:28:21","guid":{"rendered":"https:\/\/kodmalopolska.pl\/?p=15121"},"modified":"2020-01-21T16:28:24","modified_gmt":"2020-01-21T15:28:24","slug":"ludzie-felieton-fryderyka-zolla-87","status":"publish","type":"post","link":"https:\/\/kodmalopolska.pl\/?p=15121","title":{"rendered":"Ludzie. Felieton Fryderyka Zolla (87)"},"content":{"rendered":"\n<p class=\"has-drop-cap\">Ameryka\u0144ska profesor, z kt\u00f3r\u0105 pracuj\u0119 nad artyku\u0142em o odpowiedzialno\u015bci dyscyplinarnej, a zarazem znawczyni spraw polskich wskaza\u0142a na co\u015b, o czym si\u0119 mo\u017ce zapomina. PiS\u2011owska wymiana profesjonalnych kadr na w\u0142asnych ludzi nie ogranicza si\u0119 tylko do s\u0119dzi\u00f3w. To samo dzieje si\u0119 w s\u0142u\u017cbie cywilnej, to samo w armii. W przypadku s\u0105downictwa rzecz jest bardziej spektakularna, bo s\u0119dziowie mieli instrumenty pozwalaj\u0105ce broni\u0107 ich niezale\u017cno\u015bci. Jest pewnym paradoksem, \u017ce wymy\u015blona przy Okr\u0105g\u0142ym Stole struktura, kt\u00f3ra w czasach normalnie funkcjonuj\u0105cej demokracji mog\u0142a si\u0119 wydawa\u0107 \u201enadmiarowa\u201d, tj. przyznaj\u0105ca s\u0119dziom za mocn\u0105 ochron\u0119 przed pozosta\u0142ymi w\u0142adzami, okaza\u0142a si\u0119 niezb\u0119dna, kiedy wieloj\u0119zyczna, wielokulturowa i przestrzegaj\u0105ca prawa Europa sta\u0142a si\u0119 dla rz\u0105dz\u0105cych problemem. Przyk\u0142ady s\u0142u\u017cby cywilnej i armii dowodz\u0105 zreszt\u0105 tylko prawdziwego celu dzia\u0142a\u0144 PiS\u2011u: powtykania wsz\u0119dzie swoich ludzi. By funkcjonowa\u0107 i odnosi\u0107 sukcesy, pa\u0144stwo jako wsp\u00f3lnota musi si\u0119 opiera\u0107 na wsp\u00f3\u0142pracy swoich obywateli, zw\u0142aszcza tych o najwy\u017cszych kwalifikacjach, musi si\u0119ga\u0107 do wszystkich swoich zasob\u00f3w intelektualnych. Dlatego tworzone w nim struktury: s\u0142u\u017cb\u0119 cywiln\u0105, wojsko, s\u0105downictwo i prokuratur\u0119, nale\u017cy oddziela\u0107 od polityki. PiS spowodowa\u0142o, \u017ce ludzie prawi nie mog\u0105 wsp\u00f3\u0142pracowa\u0107 z rz\u0105dem, poniewa\u017c wszelka taka wsp\u00f3\u0142praca oznacza faktyczne legitymizowanie bezprawnych dzia\u0142a\u0144 w\u0142adzy. Pa\u0144stwo traci w ten spos\u00f3b swoje najcenniejsze zasoby: oddanych mu, wykszta\u0142conych ludzi. Promuj\u0105c oportunist\u00f3w, staje si\u0119 popychad\u0142em Europy i ca\u0142ego \u015bwiata. PiS zdo\u0142a\u0142o podzieli\u0107 nar\u00f3d i zburzy\u0107 jego wsp\u00f3lnot\u0119. A im wi\u0119cej zagarnia w\u0142adzy, tym jest ona s\u0142absza. Oznak\u0105 tej s\u0142abo\u015bci s\u0105 cho\u0107by pr\u00f3by przywo\u0142ania opornych do porz\u0105dku za pomoc\u0105 absurdalnie rozd\u0119tych instytucji odpowiedzialno\u015bci dyscyplinarnej. Teraz chyba lepiej mo\u017cna zrozumie\u0107 tzw. grub\u0105 kresk\u0119 Mazowieckiego. Pa\u0144stwa nie da si\u0119 zbudowa\u0107 i uczyni\u0107 silnym bez wsp\u00f3lnoty, kt\u00f3ra czuje si\u0119 w nim dobrze bez wzgl\u0119du na wyznawane warto\u015bci i przekonania. Wojna przeciwko coraz to nowym grupom wyniszcza nasz kraj. Robienie za\u015b cnoty z za\u015bcianka prowadzi nas do Polski na miar\u0119 \u201eKarczmy piwnej\u201d \u2013 Polski na miar\u0119 prezydenta Dudy.<\/p>\n","protected":false},"excerpt":{"rendered":"<p>Ameryka\u0144ska profesor, z kt\u00f3r\u0105 pracuj\u0119 nad artyku\u0142em o odpowiedzialno\u015bci dyscyplinarnej, a zarazem znawczyni spraw polskich wskaza\u0142a na co\u015b, o czym [&#8230;]<\/p>\n","protected":false},"author":24,"featured_media":12411,"comment_status":"closed","ping_status":"open","sticky":false,"template":"","format":"standard","meta":{"_EventAllDay":false,"_EventTimezone":"","_EventStartDate":"","_EventEndDate":"","_EventStartDateUTC":"","_EventEndDateUTC":"","_EventShowMap":false,"_EventShowMapLink":false,"_EventURL":"","_EventCost":"","_EventCostDescription":"","_EventCurrencySymbol":"","_EventCurrencyCode":"","_EventCurrencyPosition":"","_EventDateTimeSeparator":"","_EventTimeRangeSeparator":"","_EventOrganizerID":[],"_EventVenueID":[],"_OrganizerEmail":"","_OrganizerPhone":"","_OrganizerWebsite":"","_VenueAddress":"","_VenueCity":"","_VenueCountry":"","_VenueProvince":"","_VenueState":"","_VenueZip":"","_VenuePhone":"","_VenueURL":"","_VenueStateProvince":"","_VenueLat":"","_VenueLng":"","_VenueShowMap":false,"_VenueShowMapLink":false,"footnotes":""},"categories":[596],"tags":[],"class_list":["post-15121","post","type-post","status-publish","format-standard","has-post-thumbnail","hentry","category-felietony","felietony"],"_links":{"self":[{"href":"https:\/\/kodmalopolska.pl\/index.php?rest_route=\/wp\/v2\/posts\/15121","targetHints":{"allow":["GET"]}}],"collection":[{"href":"https:\/\/kodmalopolska.pl\/index.php?rest_route=\/wp\/v2\/posts"}],"about":[{"href":"https:\/\/kodmalopolska.pl\/index.php?rest_route=\/wp\/v2\/types\/post"}],"author":[{"embeddable":true,"href":"https:\/\/kodmalopolska.pl\/index.php?rest_route=\/wp\/v2\/users\/24"}],"replies":[{"embeddable":true,"href":"https:\/\/kodmalopolska.pl\/index.php?rest_route=%2Fwp%2Fv2%2Fcomments&post=15121"}],"version-history":[{"count":0,"href":"https:\/\/kodmalopolska.pl\/index.php?rest_route=\/wp\/v2\/posts\/15121\/revisions"}],"wp:featuredmedia":[{"embeddable":true,"href":"https:\/\/kodmalopolska.pl\/index.php?rest_route=\/wp\/v2\/media\/12411"}],"wp:attachment":[{"href":"https:\/\/kodmalopolska.pl\/index.php?rest_route=%2Fwp%2Fv2%2Fmedia&parent=15121"}],"wp:term":[{"taxonomy":"category","embeddable":true,"href":"https:\/\/kodmalopolska.pl\/index.php?rest_route=%2Fwp%2Fv2%2Fcategories&post=15121"},{"taxonomy":"post_tag","embeddable":true,"href":"https:\/\/kodmalopolska.pl\/index.php?rest_route=%2Fwp%2Fv2%2Ftags&post=15121"}],"curies":[{"name":"wp","href":"https:\/\/api.w.org\/{rel}","templated":true}]}}