{"id":15083,"date":"2020-01-15T12:45:30","date_gmt":"2020-01-15T11:45:30","guid":{"rendered":"https:\/\/kodmalopolska.pl\/?p=15083"},"modified":"2020-01-15T12:45:32","modified_gmt":"2020-01-15T11:45:32","slug":"kod-na-posiedzeniu-parlamentarnego-zespolu-obrony-praworzadnosci-przemowienie-dr-hab-bartlomieja-swaczyny","status":"publish","type":"post","link":"https:\/\/kodmalopolska.pl\/?p=15083","title":{"rendered":"KOD na posiedzeniu Parlamentarnego Zespo\u0142u Obrony Praworz\u0105dno\u015bci. Przem\u00f3wienie dr. hab. Bart\u0142omieja Swaczyny"},"content":{"rendered":"\n<p>Przem\u00f3wienie reprezentanta KOD dr. hab. Bart\u0142omieja Swaczyny podczas\nposiedzenia Parlamentarnego Zespo\u0142u Obrony Praworz\u0105dno\u015bci 14 stycznia:<\/p>\n\n\n\n<p>Ustaw\u0119 z dnia 20 grudnia 2019 r. o zmianie ustawy \u2013 Prawo o ustroju s\u0105d\u00f3w powszechnych,\nustawy o S\u0105dzie Najwy\u017cszym oraz niekt\u00f3rych innych ustaw opatrzono pi\u0119kn\u0105,\ns\u0142awi\u0105c\u0105 demokratyczne warto\u015bci preambu\u0142\u0105. Tekst ten jednak zupe\u0142nie nie\nprzystaje do tre\u015bci przyj\u0119tych we wspomnianej ustawie rozwi\u0105za\u0144. Jedynym\nwyja\u015bnieniem tej nieprzystawalno\u015bci wydaje si\u0119 za\u0142o\u017cenie, \u017ce preambu\u0142a zosta\u0142a\nnapisana szyfrem, kt\u00f3ry mo\u017cna odczyta\u0107 stosuj\u0105c zasad\u0119 aksjologicznego lustra.\nPo zastosowaniu tego klucza uzyskujemy pe\u0142n\u0105 zgodno\u015b\u0107 tekstu ustawy i\npreambu\u0142y, kt\u00f3ra brzmi nast\u0119puj\u0105co:<\/p>\n\n\n\n<p>\u201eW poczuciu braku odpowiedzialno\u015bci za wymiar sprawiedliwo\u015bci w\nRzeczypospolitej Polskiej, podkre\u015blaj\u0105c, i\u017c Rzeczpospolita Polska jest dobrem\nwsp\u00f3lnym wy\u0142\u0105cznie wyborc\u00f3w partii rz\u0105dz\u0105cej i to do nich nale\u017cy w\u0142adza\nzwierzchnia;<br \/>\nKwestionuj\u0105c konieczno\u015b\u0107 poszanowania tr\u00f3jpodzia\u0142u i r\u00f3wnowa\u017cenia w\u0142adz\nwynikaj\u0105c\u0105 z art. 10 Konstytucji RP;<br \/>\nMaj\u0105c za nic warto\u015bci demokratycznego pa\u0144stwa prawnego oraz niezale\u017cno\u015bci i\napolityczno\u015bci s\u0105d\u00f3w;<br \/>\nDepcz\u0105c prawo obywateli do sprawiedliwego i jawnego rozpatrzenia sprawy bez\nnieuzasadnionej zw\u0142oki przez w\u0142a\u015bciwy, niezale\u017cny, bezstronny i niezawis\u0142y s\u0105d;<br \/>\nOdrzucaj\u0105c konieczno\u015b\u0107 zagwarantowania przez Rzeczpospolit\u0105 Polsk\u0105 wolno\u015bci i\npraw cz\u0142owieka i obywatela gwarantowanych w konstytucji i innych aktach\nnormatywnych oraz wypaczaj\u0105c znaczenie wynikaj\u0105cego wprost z konstytucji zakazu\nprowadzenia przez s\u0119dzi\u00f3w dzia\u0142alno\u015bci publicznej nie daj\u0105cej si\u0119 pogodzi\u0107 z\nzasadami niezale\u017cno\u015bci s\u0105d\u00f3w i niezawis\u0142o\u015bci s\u0119dzi\u00f3w;<br \/>\nLekcewa\u017c\u0105c znaczenie zasady bezpiecze\u0144stwa prawnego dla obywateli, w\nszczeg\u00f3lno\u015bci o\u015bmieszaj\u0105c zasad\u0119 zaufania obywateli do Pa\u0144stwa i stanowionego\nprzez nie prawa oraz stawiaj\u0105c pod znakiem zapytania konieczno\u015b\u0107\nzagwarantowania pewno\u015bci w zakresie powo\u0142ania przez Prezydenta RP s\u0119dzi\u00f3w,\nkt\u00f3rzy orzekaj\u0105 w ich sprawach;<br \/>\nOkazuj\u0105c ca\u0142kowity brak szacunku dla d\u0105\u017cenia do zapewnienia jednolito\u015bci\norzecznictwa w Polsce i podwy\u017cszenia standard\u00f3w prawa zar\u00f3wno stanowionego jak\ni stosowanego;<br \/>\nO\u015bmieszaj\u0105c ustrojow\u0105 rol\u0119 Trybuna\u0142u Konstytucyjnego jako organu powo\u0142anego do\norzekania o zgodno\u015bci z Konstytucj\u0105 ustaw i um\u00f3w mi\u0119dzynarodowych;<br \/>\nUznaj\u0105c, \u017ce nie ka\u017cdemu powo\u0142anemu przez Prezydenta RP s\u0119dziemu, a tylko\ntakiemu, kt\u00f3ry nie zawaha si\u0119 orzeka\u0107 na polityczne zam\u00f3wienie, nale\u017cy zapewni\u0107\nwarunki godnego wykonywania zawodu s\u0119dziego, w szczeg\u00f3lno\u015bci zapewni\u0107 skuteczne\nprocedury nie pozwalaj\u0105ce na nieuzasadnione prawnie podwa\u017canie statusu s\u0119dziego\nprzez jakikolwiek organ w\u0142adzy wykonawczej, ustawodawczej, s\u0105downiczej, a tak\u017ce\nprzez jakiekolwiek osoby, instytucje, w tym innych s\u0119dzi\u00f3w, a tym samym d\u0105\u017c\u0105c\ndo pozbawienia obywateli poczucia bezpiecze\u0144stwa i stabilno\u015bci w zakresie\nwydawanych przez s\u0105dy orzecze\u0144;<br \/>\nUchwala si\u0119 niniejsz\u0105 ustaw\u0119.\u201d<\/p>\n\n\n\n<p>Senat, jako izba m\u0105dro\u015bci, z pewno\u015bci\u0105 ten zabieg kryptograficzny tw\u00f3rc\u00f3w projektu ustawy zauwa\u017ca i bez mojej pomocy i \u2013 jestem o tym ca\u0142kowicie przekonany \u2013 rzeczon\u0105 ustaw\u0119 w ca\u0142o\u015bci odrzucie. Powy\u017cszy przek\u0142ad dedykuj\u0119 zatem Sejmowi, kt\u00f3ry zapewne da\u0142 si\u0119 zwie\u015b\u0107 dos\u0142ownemu brzmieniu preambu\u0142y, bo tylko tak mo\u017cna wyja\u015bni\u0107 uchwalenie g\u0142osami zatroskanych przecie\u017c o los ojczyzny pos\u0142\u00f3w ustawy s\u0142usznie zwanej kaga\u0144cow\u0105.<\/p>\n\n\n\n<figure class=\"wp-block-embed-facebook wp-block-embed is-type-video is-provider-facebook\"><div class=\"wp-block-embed__wrapper\">\nhttps:\/\/www.facebook.com\/JakubKarysKOD\/videos\/2641985699258031\/UzpfSTE2OTMxODIyMDQyODU3OTQ6MjUxNzAwNzE1NTIzNjYyNA\/\n<\/div><\/figure>\n","protected":false},"excerpt":{"rendered":"<p>Przem\u00f3wienie reprezentanta KOD dr. hab. Bart\u0142omieja Swaczyny podczas posiedzenia Parlamentarnego Zespo\u0142u Obrony Praworz\u0105dno\u015bci 14 stycznia: Ustaw\u0119 z dnia 20 grudnia [&#8230;]<\/p>\n","protected":false},"author":24,"featured_media":15085,"comment_status":"closed","ping_status":"open","sticky":false,"template":"","format":"standard","meta":{"_EventAllDay":false,"_EventTimezone":"","_EventStartDate":"","_EventEndDate":"","_EventStartDateUTC":"","_EventEndDateUTC":"","_EventShowMap":false,"_EventShowMapLink":false,"_EventURL":"","_EventCost":"","_EventCostDescription":"","_EventCurrencySymbol":"","_EventCurrencyCode":"","_EventCurrencyPosition":"","_EventDateTimeSeparator":"","_EventTimeRangeSeparator":"","_EventOrganizerID":[],"_EventVenueID":[],"_OrganizerEmail":"","_OrganizerPhone":"","_OrganizerWebsite":"","_VenueAddress":"","_VenueCity":"","_VenueCountry":"","_VenueProvince":"","_VenueState":"","_VenueZip":"","_VenuePhone":"","_VenueURL":"","_VenueStateProvince":"","_VenueLat":"","_VenueLng":"","_VenueShowMap":false,"_VenueShowMapLink":false,"footnotes":""},"categories":[28],"tags":[],"class_list":["post-15083","post","type-post","status-publish","format-standard","has-post-thumbnail","hentry","category-malopolskie-news","malopolskie-news"],"_links":{"self":[{"href":"https:\/\/kodmalopolska.pl\/index.php?rest_route=\/wp\/v2\/posts\/15083","targetHints":{"allow":["GET"]}}],"collection":[{"href":"https:\/\/kodmalopolska.pl\/index.php?rest_route=\/wp\/v2\/posts"}],"about":[{"href":"https:\/\/kodmalopolska.pl\/index.php?rest_route=\/wp\/v2\/types\/post"}],"author":[{"embeddable":true,"href":"https:\/\/kodmalopolska.pl\/index.php?rest_route=\/wp\/v2\/users\/24"}],"replies":[{"embeddable":true,"href":"https:\/\/kodmalopolska.pl\/index.php?rest_route=%2Fwp%2Fv2%2Fcomments&post=15083"}],"version-history":[{"count":0,"href":"https:\/\/kodmalopolska.pl\/index.php?rest_route=\/wp\/v2\/posts\/15083\/revisions"}],"wp:featuredmedia":[{"embeddable":true,"href":"https:\/\/kodmalopolska.pl\/index.php?rest_route=\/wp\/v2\/media\/15085"}],"wp:attachment":[{"href":"https:\/\/kodmalopolska.pl\/index.php?rest_route=%2Fwp%2Fv2%2Fmedia&parent=15083"}],"wp:term":[{"taxonomy":"category","embeddable":true,"href":"https:\/\/kodmalopolska.pl\/index.php?rest_route=%2Fwp%2Fv2%2Fcategories&post=15083"},{"taxonomy":"post_tag","embeddable":true,"href":"https:\/\/kodmalopolska.pl\/index.php?rest_route=%2Fwp%2Fv2%2Ftags&post=15083"}],"curies":[{"name":"wp","href":"https:\/\/api.w.org\/{rel}","templated":true}]}}