{"id":15040,"date":"2020-01-14T14:06:59","date_gmt":"2020-01-14T13:06:59","guid":{"rendered":"https:\/\/kodmalopolska.pl\/?p=15040"},"modified":"2020-01-14T14:07:23","modified_gmt":"2020-01-14T13:07:23","slug":"prawnicy-laczcie-sie-felieton-fryderyka-zolla-82","status":"publish","type":"post","link":"https:\/\/kodmalopolska.pl\/?p=15040","title":{"rendered":"Prawnicy, \u0142\u0105czcie si\u0119. Felieton Fryderyka Zolla (82)"},"content":{"rendered":"\n<p class=\"has-drop-cap\">Marsz Tysi\u0105ca T\u00f3g u\u015bwiadomi\u0142 nam, \u017ce prawnicy s\u0105 wsp\u00f3lnie odpowiedzialni za stan pa\u0144stwa prawa, niezale\u017cnie od tego, do jakiej grupy zawodowej nale\u017c\u0105. Do tej pory poszczeg\u00f3lne profesje s\u0119dzi\u00f3w, adwokat\u00f3w, radc\u00f3w, prokurator\u00f3w i notariuszy trzyma\u0142y si\u0119 osobno. By\u0142o to poniek\u0105d uzasadnione konieczno\u015bci\u0105 ochrony bezstronno\u015bci s\u0119dzi\u00f3w, bo zbyt bliskie relacje towarzyskie mi\u0119dzy s\u0119dziami a adwokatami mog\u0142y budzi\u0107 w\u0105tpliwo\u015bci. Tu jednak wydarzy\u0142o si\u0119 co\u015b innego. Prawnicy dostrzegli swoj\u0105 wsp\u00f3\u0142odpowiedzialno\u015b\u0107. Tak na przyk\u0142ad prawnik\u00f3w z r\u00f3\u017cnych stan\u00f3w USA skupia <em>the bar<\/em> \u2013 wsp\u00f3lna, skuteczna struktura, okre\u015blaj\u0105ca tak\u017ce standardy etyczne, kt\u00f3ra dba o wysoki poziom wszystkich swoich cz\u0142onk\u00f3w, bo to od nich zale\u017cy praworz\u0105dno\u015b\u0107 ca\u0142ego pa\u0144stwa. W przysz\u0142o\u015bci, gdy opadnie py\u0142 obecnej zawieruchy, gdy Ziobro i ch\u0142opcy od Herszta nie b\u0119d\u0105 ju\u017c szkodzi\u0107 Polsce, trzeba b\u0119dzie si\u0119 zastanowi\u0107, jak ma wygl\u0105da\u0107 optymalna organizacja polskiego wymiaru sprawiedliwo\u015bci. Na przyk\u0142ad, trzeba b\u0119dzie na nowo u\u0142o\u017cy\u0107  Krajow\u0105 Rad\u0119 S\u0105downictwa. W KRS powinni zasiada\u0107 przedstawiciele r\u00f3\u017cnych zawod\u00f3w prawniczych, tak by \u0142\u0105czy\u0107 profesjonalizm z perspektyw\u0105 spoza w\u0105skiej grupy zawodowej. Polska po PiS\u2011ie ma realn\u0105 szans\u0119 by\u0107 lepiej zorganizowana \u2013 o ile zdo\u0142a t\u0119 PiS\u2011owsk\u0105 w\u0142adz\u0119 przetrwa\u0107.<\/p>\n","protected":false},"excerpt":{"rendered":"<p>Marsz Tysi\u0105ca T\u00f3g u\u015bwiadomi\u0142 nam, \u017ce prawnicy s\u0105 wsp\u00f3lnie odpowiedzialni za stan pa\u0144stwa prawa, niezale\u017cnie od tego, do jakiej grupy [&#8230;]<\/p>\n","protected":false},"author":24,"featured_media":12411,"comment_status":"closed","ping_status":"open","sticky":false,"template":"","format":"standard","meta":{"_EventAllDay":false,"_EventTimezone":"","_EventStartDate":"","_EventEndDate":"","_EventStartDateUTC":"","_EventEndDateUTC":"","_EventShowMap":false,"_EventShowMapLink":false,"_EventURL":"","_EventCost":"","_EventCostDescription":"","_EventCurrencySymbol":"","_EventCurrencyCode":"","_EventCurrencyPosition":"","_EventDateTimeSeparator":"","_EventTimeRangeSeparator":"","_EventOrganizerID":[],"_EventVenueID":[],"_OrganizerEmail":"","_OrganizerPhone":"","_OrganizerWebsite":"","_VenueAddress":"","_VenueCity":"","_VenueCountry":"","_VenueProvince":"","_VenueState":"","_VenueZip":"","_VenuePhone":"","_VenueURL":"","_VenueStateProvince":"","_VenueLat":"","_VenueLng":"","_VenueShowMap":false,"_VenueShowMapLink":false,"footnotes":""},"categories":[596],"tags":[],"class_list":["post-15040","post","type-post","status-publish","format-standard","has-post-thumbnail","hentry","category-felietony","felietony"],"_links":{"self":[{"href":"https:\/\/kodmalopolska.pl\/index.php?rest_route=\/wp\/v2\/posts\/15040","targetHints":{"allow":["GET"]}}],"collection":[{"href":"https:\/\/kodmalopolska.pl\/index.php?rest_route=\/wp\/v2\/posts"}],"about":[{"href":"https:\/\/kodmalopolska.pl\/index.php?rest_route=\/wp\/v2\/types\/post"}],"author":[{"embeddable":true,"href":"https:\/\/kodmalopolska.pl\/index.php?rest_route=\/wp\/v2\/users\/24"}],"replies":[{"embeddable":true,"href":"https:\/\/kodmalopolska.pl\/index.php?rest_route=%2Fwp%2Fv2%2Fcomments&post=15040"}],"version-history":[{"count":0,"href":"https:\/\/kodmalopolska.pl\/index.php?rest_route=\/wp\/v2\/posts\/15040\/revisions"}],"wp:featuredmedia":[{"embeddable":true,"href":"https:\/\/kodmalopolska.pl\/index.php?rest_route=\/wp\/v2\/media\/12411"}],"wp:attachment":[{"href":"https:\/\/kodmalopolska.pl\/index.php?rest_route=%2Fwp%2Fv2%2Fmedia&parent=15040"}],"wp:term":[{"taxonomy":"category","embeddable":true,"href":"https:\/\/kodmalopolska.pl\/index.php?rest_route=%2Fwp%2Fv2%2Fcategories&post=15040"},{"taxonomy":"post_tag","embeddable":true,"href":"https:\/\/kodmalopolska.pl\/index.php?rest_route=%2Fwp%2Fv2%2Ftags&post=15040"}],"curies":[{"name":"wp","href":"https:\/\/api.w.org\/{rel}","templated":true}]}}