{"id":14904,"date":"2020-01-07T21:09:37","date_gmt":"2020-01-07T20:09:37","guid":{"rendered":"https:\/\/kodmalopolska.pl\/?p=14904"},"modified":"2020-01-07T21:09:41","modified_gmt":"2020-01-07T20:09:41","slug":"okragly-stol-felieton-fryderyka-zolla-77","status":"publish","type":"post","link":"https:\/\/kodmalopolska.pl\/?p=14904","title":{"rendered":"Okr\u0105g\u0142y St\u00f3\u0142. Felieton Fryderyka Zolla (77)"},"content":{"rendered":"\n<p class=\"has-drop-cap\">Jest symbolem najja\u015bniejszej strony Polski. Dowodzi, \u017ce najostrzejszy konflikt mo\u017cna przeku\u0107 w porozumienie i budow\u0119 czego\u015b wsp\u00f3lnego: budow\u0119 Rzeczypospolitej. PiS nieustannie pr\u00f3buje podwa\u017cy\u0107 znaczenie tego epokowego wydarzenia, i to pomimo roli, jak\u0105 odegrali wtedy bracia Kaczy\u0144scy (jest to pewien paradoks, poniewa\u017c \u015brodowiska PiS\u2011u zazwyczaj wyolbrzymiaj\u0105 rol\u0119 Kaczy\u0144skich w stosunku do ich realnych zas\u0142ug). Okr\u0105g\u0142y St\u00f3\u0142 pokaza\u0142, \u017ce da si\u0119 bezkrwawo rozwi\u0105za\u0107 ogromny sp\u00f3r i przywr\u00f3ci\u0107 legitymacj\u0119 instytucjom pa\u0144stwa. W dzisiejszej Polsce \u2013 przy wszelkich r\u00f3\u017cnicach \u2013 wida\u0107 podobie\u0144stwo do tamtego czasu. Uderzenie PiS\u2011u w wymiar sprawiedliwo\u015bci i praktyczne unicestwienie Trybuna\u0142u Konstytucyjnego jako niezale\u017cnego organu pozbawi\u0142y pa\u0144stwo legitymacji. Sytuacja sta\u0142a si\u0119 na tyle krytyczna, \u017ce wszyscy, kt\u00f3rym na Polsce zale\u017cy, powinni d\u0105\u017cy\u0107 do zako\u0144czenia tego dewastuj\u0105cego wsp\u00f3lnot\u0119 konfliktu. I znowu powraca idea Okr\u0105g\u0142ego Sto\u0142u. Dzi\u015b rozpoczynaj\u0105 si\u0119 w Senacie rozmowy. Jest niezmiernie wa\u017cne, by nie pr\u00f3bowano rozegra\u0107 tego tak jak przy innych (niby) okr\u0105g\u0142ych sto\u0142ach, np. w odniesieniu do s\u0142u\u017cby zdrowia. PiS musi dostrzec, \u017ce sprawy zasz\u0142y za daleko. Ostatnie o\u015bwiadczenie Jaros\u0142awa Gowina stwarza nadziej\u0119, \u017ce taka refleksja powoli dociera do \u015brodowisk Zjednoczonej Prawicy. Je\u015bli jednak zwyci\u0119\u017cy PiS\u2011owskie \u201eani kroku wstecz\u201d, b\u0119dzie nieszcz\u0119\u015bcie. W imi\u0119 tej filozofii zniszczono ju\u017c system edukacji. W przypadku wymiaru sprawiedliwo\u015bci chodzi o istot\u0119 funkcjonowania pa\u0144stwa. Na wszystkich, kt\u00f3rzy maj\u0105 wp\u0142yw na zako\u0144czenie tego sporu i restytucj\u0119 niezale\u017cnego, spe\u0142niaj\u0105cego standardy UE s\u0105downictwa, ci\u0105\u017cy historyczna odpowiedzialno\u015b\u0107. Nale\u017cy te\u017c pami\u0119ta\u0107, \u017ce celem jest tutaj kompromis, a nie pogr\u0105\u017cenie oponenta. Jeszcze wszystko mo\u017cna naprawi\u0107.<br \/>\nP.S. Potrzeby okr\u0105g\u0142ego sto\u0142u nie widzi Jacek Sasin. Je\u017celi w PiS\u2011ie przewa\u017cy jego stanowisko, Polska b\u0119dzie si\u0119 stacza\u0107 dalej. PiS zosta\u0142o tak skutecznie wyczyszczone z ludzi zdolnych do kierowania si\u0119 czymkolwiek wi\u0119cej ni\u017c w\u0142asnym partyjnym interesem, \u017ce oczekiwanie na zwyci\u0119stwo pa\u0144stwowego my\u015blenia w tej grupie jest prawdopodobnie mrzonk\u0105. A pewnie i \u201einni szatani [s\u0105] tam czynni\u201d.<\/p>\n","protected":false},"excerpt":{"rendered":"<p>Jest symbolem najja\u015bniejszej strony Polski. Dowodzi, \u017ce najostrzejszy konflikt mo\u017cna przeku\u0107 w porozumienie i budow\u0119 czego\u015b wsp\u00f3lnego: budow\u0119 Rzeczypospolitej. PiS [&#8230;]<\/p>\n","protected":false},"author":24,"featured_media":12411,"comment_status":"closed","ping_status":"open","sticky":false,"template":"","format":"standard","meta":{"_EventAllDay":false,"_EventTimezone":"","_EventStartDate":"","_EventEndDate":"","_EventStartDateUTC":"","_EventEndDateUTC":"","_EventShowMap":false,"_EventShowMapLink":false,"_EventURL":"","_EventCost":"","_EventCostDescription":"","_EventCurrencySymbol":"","_EventCurrencyCode":"","_EventCurrencyPosition":"","_EventDateTimeSeparator":"","_EventTimeRangeSeparator":"","_EventOrganizerID":[],"_EventVenueID":[],"_OrganizerEmail":"","_OrganizerPhone":"","_OrganizerWebsite":"","_VenueAddress":"","_VenueCity":"","_VenueCountry":"","_VenueProvince":"","_VenueState":"","_VenueZip":"","_VenuePhone":"","_VenueURL":"","_VenueStateProvince":"","_VenueLat":"","_VenueLng":"","_VenueShowMap":false,"_VenueShowMapLink":false,"footnotes":""},"categories":[596],"tags":[],"class_list":["post-14904","post","type-post","status-publish","format-standard","has-post-thumbnail","hentry","category-felietony","felietony"],"_links":{"self":[{"href":"https:\/\/kodmalopolska.pl\/index.php?rest_route=\/wp\/v2\/posts\/14904","targetHints":{"allow":["GET"]}}],"collection":[{"href":"https:\/\/kodmalopolska.pl\/index.php?rest_route=\/wp\/v2\/posts"}],"about":[{"href":"https:\/\/kodmalopolska.pl\/index.php?rest_route=\/wp\/v2\/types\/post"}],"author":[{"embeddable":true,"href":"https:\/\/kodmalopolska.pl\/index.php?rest_route=\/wp\/v2\/users\/24"}],"replies":[{"embeddable":true,"href":"https:\/\/kodmalopolska.pl\/index.php?rest_route=%2Fwp%2Fv2%2Fcomments&post=14904"}],"version-history":[{"count":0,"href":"https:\/\/kodmalopolska.pl\/index.php?rest_route=\/wp\/v2\/posts\/14904\/revisions"}],"wp:featuredmedia":[{"embeddable":true,"href":"https:\/\/kodmalopolska.pl\/index.php?rest_route=\/wp\/v2\/media\/12411"}],"wp:attachment":[{"href":"https:\/\/kodmalopolska.pl\/index.php?rest_route=%2Fwp%2Fv2%2Fmedia&parent=14904"}],"wp:term":[{"taxonomy":"category","embeddable":true,"href":"https:\/\/kodmalopolska.pl\/index.php?rest_route=%2Fwp%2Fv2%2Fcategories&post=14904"},{"taxonomy":"post_tag","embeddable":true,"href":"https:\/\/kodmalopolska.pl\/index.php?rest_route=%2Fwp%2Fv2%2Ftags&post=14904"}],"curies":[{"name":"wp","href":"https:\/\/api.w.org\/{rel}","templated":true}]}}