{"id":14888,"date":"2020-01-05T14:17:33","date_gmt":"2020-01-05T13:17:33","guid":{"rendered":"https:\/\/kodmalopolska.pl\/?p=14888"},"modified":"2020-01-05T14:17:36","modified_gmt":"2020-01-05T13:17:36","slug":"donos-felieton-fryderyka-zolla-76","status":"publish","type":"post","link":"https:\/\/kodmalopolska.pl\/?p=14888","title":{"rendered":"Donos. Felieton Fryderyka Zolla (76)"},"content":{"rendered":"\n<p class=\"has-drop-cap\">Minister Szczerski twierdzi, \u017ce podr\u00f3\u017c marsza\u0142ka Senatu do Brukseli jest sprzeczna z polsk\u0105 racj\u0105 stanu. Om\u00f3wienie polskich reform z wiceprzewodnicz\u0105c\u0105 Komisji Europejskiej V\u011br\u0105 Jourov\u0105 mo\u017ce odsun\u0105\u0107 Polsk\u0119 od Europy i wepchn\u0105\u0107 nas w \u0142apy Putina. Niewykluczone, \u017ce te s\u0142owa uczyni\u0105 min. Szczerskiego s\u0142awnym. Pokazuj\u0105 bowiem, jak niedosz\u0142y kandydat do wysokich europejskich urz\u0119d\u00f3w pojmuje Europ\u0119. PiS\u2011owska w\u0142adza zdaje sobie spraw\u0119, \u017ce jej dzia\u0142ania wobec wymiaru sprawiedliwo\u015bci przesuwaj\u0105 nas do strefy wp\u0142yw\u00f3w Rosji. Wed\u0142ug os\u00f3b pokroju Szczerskiego polsk\u0105 racj\u0105 stanu jest utrzymanie tych dzia\u0142a\u0144 w tajemnicy przed Europ\u0105, bo ujawnienie machinacji Ziobry mo\u017ce automatycznie wy\u0142\u0105czy\u0107 nas z Unii. Niestety, trzeba zmartwi\u0107 min. Szczerskiego: Europa o dewastacji wymiaru sprawiedliwo\u015bci w Polsce ju\u017c wie. Marsza\u0142ek Senatu jedzie do V\u011bry Jourovej, aby znale\u017a\u0107 rozwi\u0105zanie, kt\u00f3re uratuje nasz europejski byt. Najwyra\u017aniej sztab prezydenta Dudy ca\u0142kiem straci\u0142 orientacj\u0119. Nic dziwnego. Spod narciarskich kask\u00f3w mniej wida\u0107.<\/p>\n","protected":false},"excerpt":{"rendered":"<p>Minister Szczerski twierdzi, \u017ce podr\u00f3\u017c marsza\u0142ka Senatu do Brukseli jest sprzeczna z polsk\u0105 racj\u0105 stanu. Om\u00f3wienie polskich reform z wiceprzewodnicz\u0105c\u0105 [&#8230;]<\/p>\n","protected":false},"author":24,"featured_media":12411,"comment_status":"closed","ping_status":"open","sticky":false,"template":"","format":"standard","meta":{"_EventAllDay":false,"_EventTimezone":"","_EventStartDate":"","_EventEndDate":"","_EventStartDateUTC":"","_EventEndDateUTC":"","_EventShowMap":false,"_EventShowMapLink":false,"_EventURL":"","_EventCost":"","_EventCostDescription":"","_EventCurrencySymbol":"","_EventCurrencyCode":"","_EventCurrencyPosition":"","_EventDateTimeSeparator":"","_EventTimeRangeSeparator":"","_EventOrganizerID":[],"_EventVenueID":[],"_OrganizerEmail":"","_OrganizerPhone":"","_OrganizerWebsite":"","_VenueAddress":"","_VenueCity":"","_VenueCountry":"","_VenueProvince":"","_VenueState":"","_VenueZip":"","_VenuePhone":"","_VenueURL":"","_VenueStateProvince":"","_VenueLat":"","_VenueLng":"","_VenueShowMap":false,"_VenueShowMapLink":false,"footnotes":""},"categories":[596],"tags":[],"class_list":["post-14888","post","type-post","status-publish","format-standard","has-post-thumbnail","hentry","category-felietony","felietony"],"_links":{"self":[{"href":"https:\/\/kodmalopolska.pl\/index.php?rest_route=\/wp\/v2\/posts\/14888","targetHints":{"allow":["GET"]}}],"collection":[{"href":"https:\/\/kodmalopolska.pl\/index.php?rest_route=\/wp\/v2\/posts"}],"about":[{"href":"https:\/\/kodmalopolska.pl\/index.php?rest_route=\/wp\/v2\/types\/post"}],"author":[{"embeddable":true,"href":"https:\/\/kodmalopolska.pl\/index.php?rest_route=\/wp\/v2\/users\/24"}],"replies":[{"embeddable":true,"href":"https:\/\/kodmalopolska.pl\/index.php?rest_route=%2Fwp%2Fv2%2Fcomments&post=14888"}],"version-history":[{"count":0,"href":"https:\/\/kodmalopolska.pl\/index.php?rest_route=\/wp\/v2\/posts\/14888\/revisions"}],"wp:featuredmedia":[{"embeddable":true,"href":"https:\/\/kodmalopolska.pl\/index.php?rest_route=\/wp\/v2\/media\/12411"}],"wp:attachment":[{"href":"https:\/\/kodmalopolska.pl\/index.php?rest_route=%2Fwp%2Fv2%2Fmedia&parent=14888"}],"wp:term":[{"taxonomy":"category","embeddable":true,"href":"https:\/\/kodmalopolska.pl\/index.php?rest_route=%2Fwp%2Fv2%2Fcategories&post=14888"},{"taxonomy":"post_tag","embeddable":true,"href":"https:\/\/kodmalopolska.pl\/index.php?rest_route=%2Fwp%2Fv2%2Ftags&post=14888"}],"curies":[{"name":"wp","href":"https:\/\/api.w.org\/{rel}","templated":true}]}}