{"id":14658,"date":"2019-12-21T15:08:55","date_gmt":"2019-12-21T14:08:55","guid":{"rendered":"https:\/\/kodmalopolska.pl\/?p=14658"},"modified":"2019-12-21T15:08:58","modified_gmt":"2019-12-21T14:08:58","slug":"szwajcarska-demokracja-felieton-fryderyka-zolla-70","status":"publish","type":"post","link":"https:\/\/kodmalopolska.pl\/?p=14658","title":{"rendered":"Szwajcarska demokracja. Felieton Fryderyka Zolla (70)"},"content":{"rendered":"\n<p class=\"has-drop-cap\">Na Wydziale Prawa Uniwersytetu Jagiello\u0144skiego mia\u0142o miejsce ma\u0142e seminarium z udzia\u0142em ambasadora Szwajcarii J\u00fcrga Burriego i profesora Nicolasa Schmitta, uczonego z Uniwersytetu we Fryburgu. Seminarium zorganizowa\u0142y Wydzia\u0142 Prawa, ambasada Szwajcarii \u2013 kt\u00f3ra przygotowa\u0142a te\u017c niewielk\u0105 wystaw\u0119 przy ulicy Brackiej 12, dotycz\u0105c\u0105 istoty demokracji szwajcarskiej \u2013 oraz Inkubator Umowy Spo\u0142ecznej. Ta ostatnia instytucja jest ponadpartyjnym ruchem szukaj\u0105cym odpowiedzi na pytanie, w jaki spos\u00f3b zapobiega\u0107 ustrojowo takiemu konfliktowi politycznemu, jaki obecnie rozdziera nasz kraj. Wobec bardzo silnego scentralizowania Polski nale\u017ca\u0142oby si\u0119 powa\u017cnie zastanowi\u0107 nad tym, czy nie by\u0142oby sensowne przenie\u015b\u0107 jak najwi\u0119cej kompetencji na poziom wojew\u00f3dztw. B\u0119d\u0105c bli\u017cej obywateli, wojew\u00f3dztwa mog\u0142yby kszta\u0142towa\u0107 polityk\u0119 stosownie do potrzeb mieszka\u0144c\u00f3w danego regionu. \u0141atwiej by\u0142oby wtedy na poziomie centralnym zajmowa\u0107 si\u0119 kwestiami, kt\u00f3re nie s\u0105 przedmiotem tak ostrego podzia\u0142u. Pomys\u0142 Inkubatora Umowy Spo\u0142ecznej (jestem te\u017c cz\u0142onkiem tego ruchu) to jeden z niewielu kompleksowych projekt\u00f3w uregulowania sytuacji w naszym pa\u0144stwie. Nie chodzi przy tym \u2013 wbrew Kaczy\u0144skiemu \u2013 o kolejny (kt\u00f3ry\u017c to?) rozbi\u00f3r Polski, ale o utworzenie prawdziwej wsp\u00f3lnoty, kt\u00f3rej konflikty nie niszcz\u0105 pa\u0144stwa jako ca\u0142o\u015bci. Warunki w Polsce s\u0105 inne ni\u017c w Szwajcarii, a jednak warto si\u0119 przyjrze\u0107 ustrojowi tego ma\u0142ego, do\u015b\u0107 szcz\u0119\u015bliwego miejsca w Europie.<\/p>\n","protected":false},"excerpt":{"rendered":"<p>Na Wydziale Prawa Uniwersytetu Jagiello\u0144skiego mia\u0142o miejsce ma\u0142e seminarium z udzia\u0142em ambasadora Szwajcarii J\u00fcrga Burriego i profesora Nicolasa Schmitta, uczonego [&#8230;]<\/p>\n","protected":false},"author":24,"featured_media":12411,"comment_status":"closed","ping_status":"open","sticky":false,"template":"","format":"standard","meta":{"_EventAllDay":false,"_EventTimezone":"","_EventStartDate":"","_EventEndDate":"","_EventStartDateUTC":"","_EventEndDateUTC":"","_EventShowMap":false,"_EventShowMapLink":false,"_EventURL":"","_EventCost":"","_EventCostDescription":"","_EventCurrencySymbol":"","_EventCurrencyCode":"","_EventCurrencyPosition":"","_EventDateTimeSeparator":"","_EventTimeRangeSeparator":"","_EventOrganizerID":[],"_EventVenueID":[],"_OrganizerEmail":"","_OrganizerPhone":"","_OrganizerWebsite":"","_VenueAddress":"","_VenueCity":"","_VenueCountry":"","_VenueProvince":"","_VenueState":"","_VenueZip":"","_VenuePhone":"","_VenueURL":"","_VenueStateProvince":"","_VenueLat":"","_VenueLng":"","_VenueShowMap":false,"_VenueShowMapLink":false,"footnotes":""},"categories":[596],"tags":[600,601,104],"class_list":["post-14658","post","type-post","status-publish","format-standard","has-post-thumbnail","hentry","category-felietony","tag-felieton","tag-fryderyk-zoll","tag-prof-zoll","felietony"],"_links":{"self":[{"href":"https:\/\/kodmalopolska.pl\/index.php?rest_route=\/wp\/v2\/posts\/14658","targetHints":{"allow":["GET"]}}],"collection":[{"href":"https:\/\/kodmalopolska.pl\/index.php?rest_route=\/wp\/v2\/posts"}],"about":[{"href":"https:\/\/kodmalopolska.pl\/index.php?rest_route=\/wp\/v2\/types\/post"}],"author":[{"embeddable":true,"href":"https:\/\/kodmalopolska.pl\/index.php?rest_route=\/wp\/v2\/users\/24"}],"replies":[{"embeddable":true,"href":"https:\/\/kodmalopolska.pl\/index.php?rest_route=%2Fwp%2Fv2%2Fcomments&post=14658"}],"version-history":[{"count":0,"href":"https:\/\/kodmalopolska.pl\/index.php?rest_route=\/wp\/v2\/posts\/14658\/revisions"}],"wp:featuredmedia":[{"embeddable":true,"href":"https:\/\/kodmalopolska.pl\/index.php?rest_route=\/wp\/v2\/media\/12411"}],"wp:attachment":[{"href":"https:\/\/kodmalopolska.pl\/index.php?rest_route=%2Fwp%2Fv2%2Fmedia&parent=14658"}],"wp:term":[{"taxonomy":"category","embeddable":true,"href":"https:\/\/kodmalopolska.pl\/index.php?rest_route=%2Fwp%2Fv2%2Fcategories&post=14658"},{"taxonomy":"post_tag","embeddable":true,"href":"https:\/\/kodmalopolska.pl\/index.php?rest_route=%2Fwp%2Fv2%2Ftags&post=14658"}],"curies":[{"name":"wp","href":"https:\/\/api.w.org\/{rel}","templated":true}]}}