{"id":14637,"date":"2019-12-20T17:49:27","date_gmt":"2019-12-20T16:49:27","guid":{"rendered":"https:\/\/kodmalopolska.pl\/?p=14637"},"modified":"2019-12-20T17:49:30","modified_gmt":"2019-12-20T16:49:30","slug":"prawo-prezydenta-nsa-i-chomik-felieton-fryderyka-zolla-69","status":"publish","type":"post","link":"https:\/\/kodmalopolska.pl\/?p=14637","title":{"rendered":"Prawo prezydenta, NSA i chomik. Felieton Fryderyka Zolla (69)"},"content":{"rendered":"\n<p class=\"has-drop-cap\">Naczelny S\u0105d Administracyjny orzek\u0142, \u017ce nie ma podstaw do kwestionowania statusu s\u0119dziego, skoro s\u0119dzia zosta\u0142 powo\u0142any przez Prezydenta Rzeczpospolitej Polskiej. Rozstrzygni\u0119cie to, wydane przez jednoosobowy sk\u0142ad w konkretnej sprawie, pokazuje, jak polski system prawny pogr\u0105\u017ca si\u0119 w chaosie. Kwestia kompetencji Prezydenta RP i ich kontrolowalno\u015bci przez s\u0105dy nie jest \u0142atwa. W ukszta\u0142towaniu tego urz\u0119du pewn\u0105 rol\u0119 odgrywaj\u0105 pozosta\u0142o\u015bci po ustroju monarchicznym. Jednak orzeczenie NSA \u2013 przy ca\u0142ym szacunku, jaki winni\u015bmy s\u0105dowi \u2013 nie jest trafne, a inne s\u0105dy nie powinny si\u0119 nim kierowa\u0107. W pa\u0144stwie prawa dany organ tylko symbolicznie, a nie realnie, mo\u017ce w takich okoliczno\u015bciach by\u0107 wyj\u0119ty spod s\u0105dowej kontroli, natomiast jego akty w\u0142adzy spod takiej kontroli wy\u0142\u0105czone by\u0107 nie mog\u0105. Gdyby NSA mia\u0142 racj\u0119, Duda m\u00f3g\u0142by dzia\u0142a\u0107 poza prawem (co, swoj\u0105 drog\u0105, wzmacnia\u0142oby najnowszy projekt Ziobry). W dyskusji wskazywano, \u017ce zgodnie z tak\u0105 logik\u0105 prezydent m\u00f3g\u0142by powo\u0142a\u0107 na s\u0119dziego dowoln\u0105 osob\u0119, nawet gdyby nie spe\u0142nia\u0142a \u017cadnych ustawowych wymog\u00f3w. Zreszt\u0105, dlaczego ogranicza\u0107 si\u0119 do os\u00f3b? Znamy z historii przypadek konia Incitatusa, mianowanego senatorem przez cesarza Kaligul\u0119. Zachowuj\u0105c nale\u017cyte proporcje mi\u0119dzy Kaligul\u0105 a Dud\u0105, mo\u017cna by oczekiwa\u0107, \u017ce ten drugi mianuje s\u0119dzi\u0105 swojego chomika. A ca\u0142kiem na powa\u017cnie: orzeczenie Trybuna\u0142u Sprawiedliwo\u015bci UE wskazuje s\u0105dom, co powinny robi\u0107. Prokurator \u015awieczkowski, pr\u00f3buj\u0105c zastraszy\u0107 s\u0119dzi\u00f3w prokuratur\u0105, zyskuje miejsce w historii, owszem, ale jest to miejsce bardziej ponure ni\u017c to zajmowane przez poczciwego sk\u0105din\u0105d Incitatusa. Biada jednak tym prokuratorom, kt\u00f3rzy polecenia \u015awieczkowskiego wype\u0142ni\u0105. Argument, \u017ce tylko wykonywali rozkazy, mo\u017ce w praworz\u0105dnej Polsce ju\u017c okaza\u0107 si\u0119 niewystarczaj\u0105cy.<\/p>\n","protected":false},"excerpt":{"rendered":"<p>Naczelny S\u0105d Administracyjny orzek\u0142, \u017ce nie ma podstaw do kwestionowania statusu s\u0119dziego, skoro s\u0119dzia zosta\u0142 powo\u0142any przez Prezydenta Rzeczpospolitej Polskiej. [&#8230;]<\/p>\n","protected":false},"author":24,"featured_media":12411,"comment_status":"closed","ping_status":"open","sticky":false,"template":"","format":"standard","meta":{"_EventAllDay":false,"_EventTimezone":"","_EventStartDate":"","_EventEndDate":"","_EventStartDateUTC":"","_EventEndDateUTC":"","_EventShowMap":false,"_EventShowMapLink":false,"_EventURL":"","_EventCost":"","_EventCostDescription":"","_EventCurrencySymbol":"","_EventCurrencyCode":"","_EventCurrencyPosition":"","_EventDateTimeSeparator":"","_EventTimeRangeSeparator":"","_EventOrganizerID":[],"_EventVenueID":[],"_OrganizerEmail":"","_OrganizerPhone":"","_OrganizerWebsite":"","_VenueAddress":"","_VenueCity":"","_VenueCountry":"","_VenueProvince":"","_VenueState":"","_VenueZip":"","_VenuePhone":"","_VenueURL":"","_VenueStateProvince":"","_VenueLat":"","_VenueLng":"","_VenueShowMap":false,"_VenueShowMapLink":false,"footnotes":""},"categories":[596],"tags":[600,601,609,104],"class_list":["post-14637","post","type-post","status-publish","format-standard","has-post-thumbnail","hentry","category-felietony","tag-felieton","tag-fryderyk-zoll","tag-nsa","tag-prof-zoll","felietony"],"_links":{"self":[{"href":"https:\/\/kodmalopolska.pl\/index.php?rest_route=\/wp\/v2\/posts\/14637","targetHints":{"allow":["GET"]}}],"collection":[{"href":"https:\/\/kodmalopolska.pl\/index.php?rest_route=\/wp\/v2\/posts"}],"about":[{"href":"https:\/\/kodmalopolska.pl\/index.php?rest_route=\/wp\/v2\/types\/post"}],"author":[{"embeddable":true,"href":"https:\/\/kodmalopolska.pl\/index.php?rest_route=\/wp\/v2\/users\/24"}],"replies":[{"embeddable":true,"href":"https:\/\/kodmalopolska.pl\/index.php?rest_route=%2Fwp%2Fv2%2Fcomments&post=14637"}],"version-history":[{"count":0,"href":"https:\/\/kodmalopolska.pl\/index.php?rest_route=\/wp\/v2\/posts\/14637\/revisions"}],"wp:featuredmedia":[{"embeddable":true,"href":"https:\/\/kodmalopolska.pl\/index.php?rest_route=\/wp\/v2\/media\/12411"}],"wp:attachment":[{"href":"https:\/\/kodmalopolska.pl\/index.php?rest_route=%2Fwp%2Fv2%2Fmedia&parent=14637"}],"wp:term":[{"taxonomy":"category","embeddable":true,"href":"https:\/\/kodmalopolska.pl\/index.php?rest_route=%2Fwp%2Fv2%2Fcategories&post=14637"},{"taxonomy":"post_tag","embeddable":true,"href":"https:\/\/kodmalopolska.pl\/index.php?rest_route=%2Fwp%2Fv2%2Ftags&post=14637"}],"curies":[{"name":"wp","href":"https:\/\/api.w.org\/{rel}","templated":true}]}}