{"id":14406,"date":"2019-12-02T14:26:53","date_gmt":"2019-12-02T13:26:53","guid":{"rendered":"https:\/\/kodmalopolska.pl\/?p=14406"},"modified":"2019-12-02T14:26:58","modified_gmt":"2019-12-02T13:26:58","slug":"solidarnie-z-sedziami-relacja-i-tresci-przemowien","status":"publish","type":"post","link":"https:\/\/kodmalopolska.pl\/?p=14406","title":{"rendered":"Solidarnie z s\u0119dziami! Relacja i tre\u015bci przem\u00f3wie\u0144"},"content":{"rendered":"\n<figure class=\"wp-block-image size-large\"><img loading=\"lazy\" decoding=\"async\" width=\"1024\" height=\"768\" src=\"https:\/\/kodmalopolska.pl\/wp-content\/uploads\/2019\/12\/WhatsApp-Image-2019-12-02-at-13.07.43-1024x768.jpeg\" alt=\"\" class=\"wp-image-14407\" srcset=\"https:\/\/kodmalopolska.pl\/wp-content\/uploads\/2019\/12\/WhatsApp-Image-2019-12-02-at-13.07.43-1024x768.jpeg 1024w, https:\/\/kodmalopolska.pl\/wp-content\/uploads\/2019\/12\/WhatsApp-Image-2019-12-02-at-13.07.43-400x300.jpeg 400w, https:\/\/kodmalopolska.pl\/wp-content\/uploads\/2019\/12\/WhatsApp-Image-2019-12-02-at-13.07.43-1536x1152.jpeg 1536w, https:\/\/kodmalopolska.pl\/wp-content\/uploads\/2019\/12\/WhatsApp-Image-2019-12-02-at-13.07.43-657x493.jpeg 657w, https:\/\/kodmalopolska.pl\/wp-content\/uploads\/2019\/12\/WhatsApp-Image-2019-12-02-at-13.07.43.jpeg 1600w\" sizes=\"auto, (max-width: 1024px) 100vw, 1024px\" \/><\/figure>\n\n\n\n<p><strong>dr hab. Bart\u0142omiej Swaczyna &#8211; przewodnicz\u0105cy KOD Ma\u0142opolskie<\/strong><\/p>\n\n\n\n<p>Wszystkich nas poruszy\u0142 przypadek represjonowanego s\u0119dziego Paw\u0142a Juszczyszyna z s\u0105du w Olsztynie. Wiedzeni odruchem solidarno\u015bci ruszyli\u015bmy dzisiaj t\u0142umnie w ponad 100 miejscowo\u015bciach w ca\u0142ej Polsce na ulice. Pan s\u0119dzia nie jest, niestety, jedynym prze\u015bladowanym funkcjonariuszem wymiaru sprawiedliwo\u015bci. Autorytarna w\u0142adza gn\u0119bi post\u0119powaniami dyscyplinarnymi, delegowaniem do odleg\u0142ych miejscowo\u015bci, pozwami cywilnymi i na wiele innych sposob\u00f3w setki s\u0119dzi\u00f3w i prokurator\u00f3w w ca\u0142ym kraju. Znamy te metody r\u00f3wnie\u017c z perspektywy krakowskiej. W pa\u017adzierniku towarzyszyli\u015bmy podczas rozprawy dyscyplinarnej s\u0119dziemu Waldemarowi \u017burkowi, a w lipcu wspierali\u015bmy na demonstracji pod s\u0105dem delegowanego do pracy w odleg\u0142ym o 300 km Wroc\u0142awiu prokuratora Mariusza Krasonia. G\u0142o\u015bnym echem odbi\u0142y si\u0119 tak\u017ce represje stosowane wobec s\u0119dziego Driusza Mazura i innych s\u0119dzi\u00f3w upominaj\u0105cych si\u0119 o niezale\u017cno\u015b\u0107 s\u0105d\u00f3w. Od wielu miesi\u0119cy obserwujemy zatem bezwzgl\u0119dn\u0105 walk\u0119 o ca\u0142kowite podporz\u0105dkowanie politykom rz\u0105dz\u0105cej wi\u0119kszo\u015bci wymiaru sprawiedliwo\u015bci.<\/p>\n\n\n\n<p>Bezprecedensowa, b\u0142yskawiczna reakcja na zwyk\u0142\u0105 czynno\u015b\u0107 procesow\u0105 s\u0119dziego Juszczyszyna, polegaj\u0105c\u0105 na \u017c\u0105daniu przedstawienia s\u0105dowi dokument\u00f3w przez Kancelari\u0119 Sejmu, ma jednak szczeg\u00f3ln\u0105 wymow\u0119. Wida\u0107 tutaj bowiem jak w laboratorium, \u017ce w\u0142adza si\u0119 boi. W\u0142adza, za kt\u00f3r\u0105 stoi pot\u0119\u017cny aparat pa\u0144stwa, boi si\u0119 samotnego cz\u0142owieka, kt\u00f3rego jedynym or\u0119\u017cem jest niezawis\u0142e, s\u0119dziowskie sumienie. Jest to bro\u0144 dla autorytarnej w\u0142adzy zab\u00f3jcza.<\/p>\n\n\n\n<p>Paniczna reakcja na decyzj\u0119 s\u0119dziego Juszczyszyna stanowi pr\u00f3b\u0119 zakrzyczenia konsekwencji niedawnego wyroku Trybuna\u0142u Sprawiedliwo\u015bci Unii Europejskiej, z kt\u00f3rego wynika brak niezale\u017cno\u015bci Krajowej Rady S\u0105downictwa i wadliwo\u015b\u0107 nominacji s\u0119dziowskich dokonanych z jej udzia\u0142em. Jest to jednak pr\u00f3ba daremna. Lawina zapocz\u0105tkowana przez wyrok TSUE i niez\u0142omnego s\u0119dziego z Olsztyna jest ju\u017c nie do zatrzymania i pr\u0119dzej czy p\u00f3\u017aniej zmiecie tzw. reform\u0119 s\u0105downictwa razem z neo-KRS.<\/p>\n\n\n\n<p>Nasz\u0105 rol\u0105, jako obywateli demokratycznego pa\u0144stwa, jest wsparcie prze\u015bladowanych s\u0119dzi\u00f3w i prokurator\u00f3w w tym prze\u0142omowym momencie, kiedy s\u0105 szczeg\u00f3lnie nara\u017ceni na konwulsje zdesperowanej w\u0142adzy, kt\u00f3rej funkcjonariusze przeczuwaj\u0105 ju\u017c nieuchronny kres.<\/p>\n\n\n\n<p>Panie i Panowie s\u0119dziowie i prokuratorzy, kt\u00f3rzy stoicie na stra\u017cy naszej wolno\u015bci, broni\u0105c rz\u0105d\u00f3w prawa, jeste\u015bmy z Wami i b\u0119dziemy tak d\u0142ugo, jak d\u0142ugo b\u0119dzie to potrzebne. Dzi\u0119ki Wam mamy nadziej\u0119!<\/p>\n\n\n\n<figure class=\"wp-block-image size-large\"><img loading=\"lazy\" decoding=\"async\" width=\"1024\" height=\"576\" src=\"https:\/\/kodmalopolska.pl\/wp-content\/uploads\/2019\/12\/WhatsApp-Image-2019-12-02-at-13.09.32-1024x576.jpeg\" alt=\"\" class=\"wp-image-14408\" srcset=\"https:\/\/kodmalopolska.pl\/wp-content\/uploads\/2019\/12\/WhatsApp-Image-2019-12-02-at-13.09.32-1024x576.jpeg 1024w, https:\/\/kodmalopolska.pl\/wp-content\/uploads\/2019\/12\/WhatsApp-Image-2019-12-02-at-13.09.32-400x225.jpeg 400w, https:\/\/kodmalopolska.pl\/wp-content\/uploads\/2019\/12\/WhatsApp-Image-2019-12-02-at-13.09.32-1536x864.jpeg 1536w, https:\/\/kodmalopolska.pl\/wp-content\/uploads\/2019\/12\/WhatsApp-Image-2019-12-02-at-13.09.32-740x416.jpeg 740w, https:\/\/kodmalopolska.pl\/wp-content\/uploads\/2019\/12\/WhatsApp-Image-2019-12-02-at-13.09.32.jpeg 1600w\" sizes=\"auto, (max-width: 1024px) 100vw, 1024px\" \/><\/figure>\n\n\n\n<p><strong>prof. Fryderyk Zoll &#8211; wiceprzewodnicz\u0105cy KOD Ma\u0142opolskie<\/strong><\/p>\n\n\n\n<p>Gromadzimy si\u0119 dzisiaj, bo polscy s\u0119dziowie potrzebuj\u0105 naszego wsparcia i solidarno\u015bci. W\u0142adza PiS\u2011u kruszy si\u0119 w oczach. Legitymacj\u0119 moraln\u0105 utraci\u0142a ju\u017c dawno. Teraz ca\u0142a jej moralna degrengolada wychodzi na wierzch. Przestraszona w\u0142adza nie jest jednak mniej niebezpieczna od w\u0142adzy pewnej siebie. Ziobro i jego poplecznicy ze zdwojon\u0105 si\u0142\u0105 uderzaj\u0105 w broni\u0105cych niezale\u017cno\u015bci s\u0119dzi\u00f3w i prokurator\u00f3w.<\/p>\n\n\n\n<p>Jeste\u015bmy solidarni z s\u0119dzi\u0105 Paw\u0142em Juszczyszynem, kt\u00f3remu cofni\u0119to delegacj\u0119 do s\u0105du okr\u0119gowego i kt\u00f3rego nast\u0119pnie zawieszono za to, \u017ce wyda\u0142 orzeczenie zgodne z wi\u0105\u017c\u0105cymi wskazaniami Trybuna\u0142u Sprawiedliwo\u015bci Unii Europejskiej. <br \/>\nJeste\u015bmy solidarni z s\u0119dzi\u0105 Olimpi\u0105 Bara\u0144sk\u0105-Matuszek, poci\u0105gni\u0119t\u0105 do odpowiedzialno\u015bci dyscyplinarnej za dwa wpisy na Twitterze, w kt\u00f3rych obna\u017ca\u0142a bezprawne zachowanie w\u0142adzy.<br \/>\nJeste\u015bmy solidarni z profesorem i s\u0119dzi\u0105 Krystianem Markiewiczem, prezesem Stowarzyszenia S\u0119dzi\u00f3w Polskich Iustitia, obro\u0144c\u0105 honoru i niezale\u017cno\u015bci polskich s\u0119dzi\u00f3w, wzywanym przez rzecznik\u00f3w dyscyplinarnych i atakowanym przez hejter\u00f3w spod znaku Herszta \u2013 podw\u0142adnego Ziobry \u2013 i jego \u017co\u0142nierzy.<br \/>\nJeste\u015bmy solidarni z s\u0119dzi\u0105  Monik\u0105 Fr\u0105ckowiak, n\u0119kan\u0105 przez rzecznik\u00f3w dyscyplinarnych, kt\u00f3rzy pr\u00f3buj\u0105 zdyskredytowa\u0107 j\u0105 pod byle pretekstem. <br \/>\nJeste\u015bmy solidarni z s\u0119dzi\u0105  Alin\u0105 Czubieniak, ukaran\u0105 przez niekonstytucyjn\u0105 Izb\u0119 Dyscyplinarn\u0105 za wydanie orzeczenia wbrew \u017cyczeniom w\u0142adzy.<br \/>\nJeste\u015bmy solidarni z s\u0119dzi\u0105 Waldemarem \u017burkiem, symbolem oporu przeciw niszczeniu s\u0119dziowskiej niezale\u017cno\u015bci, kt\u00f3ry przeszed\u0142 ju\u017c do historii Polski jako bohater pa\u0144stwa prawa \u015bcigany w niezliczonych post\u0119powaniach dyscyplinarnych.<br \/>\nJeste\u015bmy solidarni z s\u0119dziami Wojciechem Maczug\u0105, Rafa\u0142em Lisakiem i Kazimierzem Wilczkiem, kt\u00f3rych \u015bciga rzecznik dyscyplinarny za wydanie orzeczenia realizuj\u0105cego wyrok Trybuna\u0142u Sprawiedliwo\u015bci.<br \/>\nJeste\u015bmy solidarni z prokuratorem Krzysztofem Parchimowiczem, ratuj\u0105cym honor polskiej prokuratury i za to \u015bciganym dyscyplinarnie.<br \/>\nJeste\u015bmy solidarni z prokuratorami Dariuszem Korneliukiem i Katarzyn\u0105 Gembalczyk, n\u0119kanymi dyscyplinarnie za to, \u017ce bronili szykanowanej przez Ziobr\u0119 s\u0119dzi Agnieszki Pilarczyk.<br \/>\nJeste\u015bmy solidarni z prokuratorem w stanie spoczynku Jackiem Kauczem, \u015bciganym za wywiad, kt\u00f3rego udzieli\u0142 prasie, ujawniaj\u0105c prawd\u0119 o \u201edobrej zmianie\u201d w prokuraturze.<br \/>\nJeste\u015bmy solidarni z prokuratorem Wojciechem Sadraku\u0142\u0105, prze\u015bladowanym za doradzanie KOD\u2011owi.<br \/>\nJeste\u015bmy solidarni z prokuratorem Mariuszem Krasoniem, delegowanym z Krakowa do Wroc\u0142awia po to, \u017ceby poczu\u0142, co znaczy niepos\u0142usze\u0144stwo wobec PiS\u2011owskiej w\u0142adzy.<br \/>\nJeste\u015bmy solidarni z s\u0119dzi\u0105 Igorem Tuley\u0105, kt\u00f3ry jako pierwszy obna\u017ca\u0142 PiS\u2011owskie bezprawie. <br \/>\nJeste\u015bmy solidarni z prezesem Trybuna\u0142u Konstytucyjnego w stanie spoczynku Jerzym St\u0119pniem, \u015bciganym dyscyplinarnie za obron\u0119 pa\u0144stwa prawa. <br \/>\nJeste\u015bmy solidarni z wszystkimi polskimi s\u0119dziami i prokuratorami, kt\u00f3rzy pozostali wierni praworz\u0105dno\u015bci jako ostoi Rzeczypospolitej. Jeste\u015bmy solidarni z tymi wszystkimi, kt\u00f3rzy pe\u0142ni\u0105 swoje funkcje zgodnie z warto\u015bciami Konstytucji, sumieniem i prawem. Polska wiele im zawdzi\u0119cza.<br \/>\nDomagamy si\u0119 rozwi\u0105zania Izby Dyscyplinarnej, przywr\u00f3cenia konstytucyjnej Krajowej Rady S\u0105downictwa i niezale\u017cnego Trybuna\u0142u Konstytucyjnego oraz odpolitycznienia prokuratury. Domagamy si\u0119 odwo\u0142ania Ziobry, Radzika, Lasoty i Schaba. Domagamy si\u0119 ukarania hejterow od ministerialnego herszta. <br \/>\nDo\u015b\u0107 prze\u015bladowania s\u0119dzi\u00f3w i prokurator\u00f3w! Chcemy pa\u0144stwa prawa!<\/p>\n","protected":false},"excerpt":{"rendered":"<p>dr hab. Bart\u0142omiej Swaczyna &#8211; przewodnicz\u0105cy KOD Ma\u0142opolskie Wszystkich nas poruszy\u0142 przypadek represjonowanego s\u0119dziego Paw\u0142a Juszczyszyna z s\u0105du w Olsztynie. [&#8230;]<\/p>\n","protected":false},"author":24,"featured_media":14409,"comment_status":"closed","ping_status":"open","sticky":false,"template":"","format":"standard","meta":{"_EventAllDay":false,"_EventTimezone":"","_EventStartDate":"","_EventEndDate":"","_EventStartDateUTC":"","_EventEndDateUTC":"","_EventShowMap":false,"_EventShowMapLink":false,"_EventURL":"","_EventCost":"","_EventCostDescription":"","_EventCurrencySymbol":"","_EventCurrencyCode":"","_EventCurrencyPosition":"","_EventDateTimeSeparator":"","_EventTimeRangeSeparator":"","_EventOrganizerID":[],"_EventVenueID":[],"_OrganizerEmail":"","_OrganizerPhone":"","_OrganizerWebsite":"","_VenueAddress":"","_VenueCity":"","_VenueCountry":"","_VenueProvince":"","_VenueState":"","_VenueZip":"","_VenuePhone":"","_VenueURL":"","_VenueStateProvince":"","_VenueLat":"","_VenueLng":"","_VenueShowMap":false,"_VenueShowMapLink":false,"footnotes":""},"categories":[353],"tags":[557,376],"class_list":["post-14406","post","type-post","status-publish","format-standard","has-post-thumbnail","hentry","category-dzialania-kod-mlp","tag-krakowscy-sedziowie","tag-sedziowie","dzialania-kod-mlp"],"_links":{"self":[{"href":"https:\/\/kodmalopolska.pl\/index.php?rest_route=\/wp\/v2\/posts\/14406","targetHints":{"allow":["GET"]}}],"collection":[{"href":"https:\/\/kodmalopolska.pl\/index.php?rest_route=\/wp\/v2\/posts"}],"about":[{"href":"https:\/\/kodmalopolska.pl\/index.php?rest_route=\/wp\/v2\/types\/post"}],"author":[{"embeddable":true,"href":"https:\/\/kodmalopolska.pl\/index.php?rest_route=\/wp\/v2\/users\/24"}],"replies":[{"embeddable":true,"href":"https:\/\/kodmalopolska.pl\/index.php?rest_route=%2Fwp%2Fv2%2Fcomments&post=14406"}],"version-history":[{"count":0,"href":"https:\/\/kodmalopolska.pl\/index.php?rest_route=\/wp\/v2\/posts\/14406\/revisions"}],"wp:featuredmedia":[{"embeddable":true,"href":"https:\/\/kodmalopolska.pl\/index.php?rest_route=\/wp\/v2\/media\/14409"}],"wp:attachment":[{"href":"https:\/\/kodmalopolska.pl\/index.php?rest_route=%2Fwp%2Fv2%2Fmedia&parent=14406"}],"wp:term":[{"taxonomy":"category","embeddable":true,"href":"https:\/\/kodmalopolska.pl\/index.php?rest_route=%2Fwp%2Fv2%2Fcategories&post=14406"},{"taxonomy":"post_tag","embeddable":true,"href":"https:\/\/kodmalopolska.pl\/index.php?rest_route=%2Fwp%2Fv2%2Ftags&post=14406"}],"curies":[{"name":"wp","href":"https:\/\/api.w.org\/{rel}","templated":true}]}}