{"id":14330,"date":"2019-11-27T19:15:22","date_gmt":"2019-11-27T18:15:22","guid":{"rendered":"https:\/\/kodmalopolska.pl\/?p=14330"},"modified":"2019-11-27T19:15:27","modified_gmt":"2019-11-27T18:15:27","slug":"oswiadczenie-zarzadu-glownego-kod-w-sprawie-wyroku-dot-tsue-i-sedziego-p-juszczyszyna","status":"publish","type":"post","link":"https:\/\/kodmalopolska.pl\/?p=14330","title":{"rendered":"O\u015bwiadczenie Zarz\u0105du G\u0142\u00f3wnego KOD w sprawie wyroku dot. TSUE i s\u0119dziego P. Juszczyszyna"},"content":{"rendered":"\n<p>Trybuna\u0142 Sprawiedliwo\u015bci Unii Europejskiej w og\u0142oszonym 19 listopada 2019 r.\nprze\u0142omowym orzeczeniu wskaza\u0142, \u017ce kluczowa dla oceny prawid\u0142owo\u015bci nominacji\ns\u0119dziowskich dokonanych z udzia\u0142em Krajowej Rady S\u0105downictwa jest niezale\u017cno\u015b\u0107\ntego organu. Trybuna\u0142 sformu\u0142owa\u0142 okoliczno\u015bci istotne dla oceny owej\nniezale\u017cno\u015bci. W\u015br\u00f3d nich wymieni\u0142 w\u0105tpliwo\u015bci dotycz\u0105ce sposobu powo\u0142ania\nneo-KRS. Podkre\u015bli\u0142 tak\u017ce, i\u017c s\u0119dziowie mog\u0105, kieruj\u0105c si\u0119 sformu\u0142owanymi przez\nTSUE kryteriami, ocenia\u0107 niezale\u017cno\u015b\u0107 KRS i w konsekwencji prawid\u0142owo\u015b\u0107\ns\u0119dziowskich nominacji samodzielnie, bez zwracania si\u0119 do jakiegokolwiek innego\norganu.<\/p>\n\n\n\n<p>S\u0119dzia S\u0105du Rejonowego w Olsztynie Pawe\u0142 Juszczyszyn, kt\u00f3ry by\u0142 delegowany\ndo S\u0105du Okr\u0119gowego w Olsztynie, podczas rozpatrywania przydzielonej mu sprawy\nodwo\u0142awczej powzi\u0105\u0142 w\u0105tpliwo\u015b\u0107 co do prawid\u0142owo\u015bci obsadzenia s\u0105du pierwszej\ninstancji, w kt\u00f3rej orzeka\u0142 s\u0119dzia nominowany z udzia\u0142em neo-KRS. W celu weryfikacji\ntej kwestii wyst\u0105pi\u0142 w \u015brod\u0119 20 listopada 2019 r. do Kancelarii Sejmu o\nudost\u0119pnienie list poparcia dla s\u0119dzi\u00f3w kandyduj\u0105cych do neo-KRS. Podejrzenie,\n\u017ce s\u0105 tutaj jakie\u015b nieprawid\u0142owo\u015bci jest jak najbardziej uzasadnione, skoro\nKancelaria Sejmu i Ministerstwo Sprawiedliwo\u015bci \u2013 mimo prawomocnego wyroku\nNaczelnego S\u0105du Administracyjnego nakazuj\u0105cego ujawnienie list \u2013 od wielu\nmiesi\u0119cy si\u0119 przed tym wzbrania. Ju\u017c w poniedzia\u0142ek 25 listopada s\u0119dzia\nJuszczyszyn zosta\u0142 w trybie natychmiastowym odwo\u0142any z delegacji przez Ministra\nSprawiedliwo\u015bci bez podania \u017cadnego uzasadnienia takiej decyzji. Natomiast\nWiceminister Sprawiedliwo\u015bci Micha\u0142 W\u00f3jcik publicznie grozi\u0142 s\u0119dziemu\npost\u0119powaniem dyscyplinarnym w reakcji na \u017c\u0105danie skierowane przez niego do\nKancelarii Sejmu.<\/p>\n\n\n\n<p>Nie spos\u00f3b zinterpretowa\u0107 nag\u0142ego odwo\u0142ania s\u0119dziego Juszczyszyna z\ndelegacji do s\u0105du okr\u0119gowego i gr\u00f3\u017ab wiceministra W\u00f3jcika inaczej ni\u017c jako\nbezwzgl\u0119dn\u0105, a nawet wr\u0119cz desperack\u0105, pr\u00f3b\u0119 z\u0142amania niezawis\u0142o\u015bci\ns\u0119dziowskiej. Desperacja ta jest zrozumia\u0142a, poniewa\u017c z pozoru zwyk\u0142a sprawa\nolszty\u0144ska pokazuje z ca\u0142\u0105 jaskrawo\u015bci\u0105 fatalne skutki sprzecznych z\nKonstytucj\u0105 i prawem europejskim zmian w wymiarze sprawiedliwo\u015bci\nprzeprowadzonych po 2015 r. Sprawa ta jest kamieniem, kt\u00f3ry mo\u017ce wywo\u0142a\u0107 lawin\u0119\nznosz\u0105c\u0105 tzw. reform\u0119 s\u0105downictwa stanowi\u0105c\u0105 kluczowy element autorytarnych\nrz\u0105d\u00f3w, do kt\u00f3rych d\u0105\u017cy Prawo i Sprawiedliwo\u015b\u0107.<\/p>\n\n\n\n<p>S\u0119dzia Pawe\u0142 Juszczyszyn pozosta\u0142 wierny s\u0119dziowskiemu przyrzeczeniu i\nzrobi\u0142 to, co ka\u017cdy niezawis\u0142y s\u0119dzia powinien zrobi\u0107 po wyroku TSUE z 19\nlistopada 2019 r. Zosta\u0142 za to bezwzgl\u0119dnie, przyk\u0142adowo ukarany przez\nantydemokratyczn\u0105 w\u0142adz\u0119.<\/p>\n\n\n\n<p>Komitet Obrony Demokracji pragnie wyrazi\u0107 uznanie i podziw dla niez\u0142omnej\npostawy Pana S\u0119dziego. \u017b\u0105damy zdymisjonowania ministr\u00f3w Zbigniewa Ziobry i Micha\u0142a\nW\u00f3jcika za oczywiste nadu\u017cycie w\u0142adzy. Apelujemy do wszystkich s\u0119dzi\u00f3w, aby nie\ndali si\u0119 zastraszy\u0107 i pragniemy ich zapewni\u0107 o bezwarunkowym wsparciu i\nsolidarno\u015bci ze strony obywateli demokratycznej Polski.<\/p>\n\n\n\n<p><strong>Komitet Obrony Demokracji<\/strong><br \/> <strong>Zarz\u0105d G\u0142\u00f3wny<\/strong><\/p>\n\n\n\n<p><\/p>\n\n\n\n<figure class=\"wp-block-embed\"><div class=\"wp-block-embed__wrapper\">\nhttps:\/\/www.ruchkod.pl\/oswiadczenie-zarzadu-glownego-komitetu-obrony-demokracji\/?fbclid=IwAR2Q9dTcVRhIZ_Espm4tF5nqHHj589k0mjn5yi7cObb7rPIuGyjMak8yhfw\n<\/div><\/figure>\n","protected":false},"excerpt":{"rendered":"<p>Trybuna\u0142 Sprawiedliwo\u015bci Unii Europejskiej w og\u0142oszonym 19 listopada 2019 r. prze\u0142omowym orzeczeniu wskaza\u0142, \u017ce kluczowa dla oceny prawid\u0142owo\u015bci nominacji s\u0119dziowskich [&#8230;]<\/p>\n","protected":false},"author":24,"featured_media":11597,"comment_status":"closed","ping_status":"open","sticky":false,"template":"","format":"standard","meta":{"_EventAllDay":false,"_EventTimezone":"","_EventStartDate":"","_EventEndDate":"","_EventStartDateUTC":"","_EventEndDateUTC":"","_EventShowMap":false,"_EventShowMapLink":false,"_EventURL":"","_EventCost":"","_EventCostDescription":"","_EventCurrencySymbol":"","_EventCurrencyCode":"","_EventCurrencyPosition":"","_EventDateTimeSeparator":"","_EventTimeRangeSeparator":"","_EventOrganizerID":[],"_EventVenueID":[],"_OrganizerEmail":"","_OrganizerPhone":"","_OrganizerWebsite":"","_VenueAddress":"","_VenueCity":"","_VenueCountry":"","_VenueProvince":"","_VenueState":"","_VenueZip":"","_VenuePhone":"","_VenueURL":"","_VenueStateProvince":"","_VenueLat":"","_VenueLng":"","_VenueShowMap":false,"_VenueShowMapLink":false,"footnotes":""},"categories":[294],"tags":[],"class_list":["post-14330","post","type-post","status-publish","format-standard","has-post-thumbnail","hentry","category-komunikaty","komunikaty"],"_links":{"self":[{"href":"https:\/\/kodmalopolska.pl\/index.php?rest_route=\/wp\/v2\/posts\/14330","targetHints":{"allow":["GET"]}}],"collection":[{"href":"https:\/\/kodmalopolska.pl\/index.php?rest_route=\/wp\/v2\/posts"}],"about":[{"href":"https:\/\/kodmalopolska.pl\/index.php?rest_route=\/wp\/v2\/types\/post"}],"author":[{"embeddable":true,"href":"https:\/\/kodmalopolska.pl\/index.php?rest_route=\/wp\/v2\/users\/24"}],"replies":[{"embeddable":true,"href":"https:\/\/kodmalopolska.pl\/index.php?rest_route=%2Fwp%2Fv2%2Fcomments&post=14330"}],"version-history":[{"count":0,"href":"https:\/\/kodmalopolska.pl\/index.php?rest_route=\/wp\/v2\/posts\/14330\/revisions"}],"wp:featuredmedia":[{"embeddable":true,"href":"https:\/\/kodmalopolska.pl\/index.php?rest_route=\/wp\/v2\/media\/11597"}],"wp:attachment":[{"href":"https:\/\/kodmalopolska.pl\/index.php?rest_route=%2Fwp%2Fv2%2Fmedia&parent=14330"}],"wp:term":[{"taxonomy":"category","embeddable":true,"href":"https:\/\/kodmalopolska.pl\/index.php?rest_route=%2Fwp%2Fv2%2Fcategories&post=14330"},{"taxonomy":"post_tag","embeddable":true,"href":"https:\/\/kodmalopolska.pl\/index.php?rest_route=%2Fwp%2Fv2%2Ftags&post=14330"}],"curies":[{"name":"wp","href":"https:\/\/api.w.org\/{rel}","templated":true}]}}