{"id":14297,"date":"2019-11-25T21:58:38","date_gmt":"2019-11-25T20:58:38","guid":{"rendered":"https:\/\/kodmalopolska.pl\/?p=14297"},"modified":"2019-11-25T21:58:42","modified_gmt":"2019-11-25T20:58:42","slug":"mamy-nowy-zarzad-glowny-relacja-z-krajowego-zjazdu-delegatow","status":"publish","type":"post","link":"https:\/\/kodmalopolska.pl\/?p=14297","title":{"rendered":"Mamy nowy Zarz\u0105d G\u0142\u00f3wny! Relacja z Krajowego Zjazdu Delegat\u00f3w"},"content":{"rendered":"\n<p>Zako\u0144czony dzisiaj IV Nadzwyczajny Zjazd Delegat\u00f3w KOD dokona\u0142 prze\u0142omowych zmian w naszym stowarzyszeniu. Delegaci wybrali nowego przewodnicz\u0105cego, Kub\u0119 Karysia, oraz pi\u0119ciu nowych cz\u0142onk\u00f3w Zarz\u0105du G\u0142\u00f3wnego: King\u0119 \u0141ozi\u0144sk\u0105, S\u0142awomira Majda\u0144skiego, Monik\u0119 Szafraniec, \u0141ukasza Szop\u0119 i Bart\u0142omieja Swaczyn\u0119. Jeszcze dzisiaj zarz\u0105d powo\u0142a\u0142 na stanowisko wiceprzewodnicz\u0105cej King\u0105 \u0141ozi\u0144sk\u0105, a Bart\u0142omiej Swaczyna zosta\u0142 sekretarzem zarz\u0105du.<\/p>\n\n\n\n<p>Dokonano tak\u017ce szeregu zmian statutu, m.in. skr\u00f3cono kadencj\u0119 w\u0142adz stowarzyszenia do dw\u00f3ch lat i wprowadzono wymaganie zwo\u0142ywania co najmniej raz do roku zwyczajnego zjazdu krajowego.<\/p>\n\n\n\n<p>Zjazd zwie\u0144czy\u0142o przyj\u0119cie przez aklamacj\u0119 uchwa\u0142y w sprawie niedawnego wyroku TSUE na wniosek delegat\u00f3w z Ma\u0142opolski:<br \/>\nKomitet Obrony Demokracji wzywa do natychmiastowego wstrzymania dzia\u0142alno\u015bci Izby Dyscyplinarnej oraz Izby Spraw Publicznych i Kontroli Nadzwyczajnej S\u0105du Najwy\u017cszego i Krajowej Rady S\u0105downictwa. W \u015bwietle kryteri\u00f3w oceny wyra\u017conych w wyroku Trybuna\u0142u Sprawiedliwo\u015bci Unii Europejskiej organy te nie spe\u0142niaj\u0105 niezb\u0119dnego dla ich istnienia wymagania niezale\u017cno\u015bci. Ich dzia\u0142alno\u015b\u0107 oznacza pog\u0142\u0119bianie chaosu w pa\u0144stwie przez zwi\u0119kszanie liczby orzecze\u0144 wydawanych przez niekonstytucyjnie obsadzone sk\u0142ady s\u0119dziowskie. Pa\u0144stwo nie mo\u017ce sobie pozwoli\u0107 na utrwalenie takiego stanu anarchii.<br \/>\nDomagamy si\u0119 przywr\u00f3cenia europejskich standard\u00f3w niezale\u017cno\u015bci s\u0105d\u00f3w. Izba Dyscyplinarna i neo\u2011KRS oddzielaj\u0105 nas od Europy.<\/p>\n","protected":false},"excerpt":{"rendered":"<p>Zako\u0144czony dzisiaj IV Nadzwyczajny Zjazd Delegat\u00f3w KOD dokona\u0142 prze\u0142omowych zmian w naszym stowarzyszeniu. Delegaci wybrali nowego przewodnicz\u0105cego, Kub\u0119 Karysia, oraz [&#8230;]<\/p>\n","protected":false},"author":24,"featured_media":14298,"comment_status":"closed","ping_status":"open","sticky":false,"template":"","format":"standard","meta":{"_EventAllDay":false,"_EventTimezone":"","_EventStartDate":"","_EventEndDate":"","_EventStartDateUTC":"","_EventEndDateUTC":"","_EventShowMap":false,"_EventShowMapLink":false,"_EventURL":"","_EventCost":"","_EventCostDescription":"","_EventCurrencySymbol":"","_EventCurrencyCode":"","_EventCurrencyPosition":"","_EventDateTimeSeparator":"","_EventTimeRangeSeparator":"","_EventOrganizerID":[],"_EventVenueID":[],"_OrganizerEmail":"","_OrganizerPhone":"","_OrganizerWebsite":"","_VenueAddress":"","_VenueCity":"","_VenueCountry":"","_VenueProvince":"","_VenueState":"","_VenueZip":"","_VenuePhone":"","_VenueURL":"","_VenueStateProvince":"","_VenueLat":"","_VenueLng":"","_VenueShowMap":false,"_VenueShowMapLink":false,"footnotes":""},"categories":[28],"tags":[],"class_list":["post-14297","post","type-post","status-publish","format-standard","has-post-thumbnail","hentry","category-malopolskie-news","malopolskie-news"],"_links":{"self":[{"href":"https:\/\/kodmalopolska.pl\/index.php?rest_route=\/wp\/v2\/posts\/14297","targetHints":{"allow":["GET"]}}],"collection":[{"href":"https:\/\/kodmalopolska.pl\/index.php?rest_route=\/wp\/v2\/posts"}],"about":[{"href":"https:\/\/kodmalopolska.pl\/index.php?rest_route=\/wp\/v2\/types\/post"}],"author":[{"embeddable":true,"href":"https:\/\/kodmalopolska.pl\/index.php?rest_route=\/wp\/v2\/users\/24"}],"replies":[{"embeddable":true,"href":"https:\/\/kodmalopolska.pl\/index.php?rest_route=%2Fwp%2Fv2%2Fcomments&post=14297"}],"version-history":[{"count":0,"href":"https:\/\/kodmalopolska.pl\/index.php?rest_route=\/wp\/v2\/posts\/14297\/revisions"}],"wp:featuredmedia":[{"embeddable":true,"href":"https:\/\/kodmalopolska.pl\/index.php?rest_route=\/wp\/v2\/media\/14298"}],"wp:attachment":[{"href":"https:\/\/kodmalopolska.pl\/index.php?rest_route=%2Fwp%2Fv2%2Fmedia&parent=14297"}],"wp:term":[{"taxonomy":"category","embeddable":true,"href":"https:\/\/kodmalopolska.pl\/index.php?rest_route=%2Fwp%2Fv2%2Fcategories&post=14297"},{"taxonomy":"post_tag","embeddable":true,"href":"https:\/\/kodmalopolska.pl\/index.php?rest_route=%2Fwp%2Fv2%2Ftags&post=14297"}],"curies":[{"name":"wp","href":"https:\/\/api.w.org\/{rel}","templated":true}]}}