{"id":13975,"date":"2019-11-20T17:47:09","date_gmt":"2019-11-20T16:47:09","guid":{"rendered":"https:\/\/kodmalopolska.pl\/?p=13975"},"modified":"2019-11-24T16:19:34","modified_gmt":"2019-11-24T15:19:34","slug":"podsumowanie-wyroku-tsue-w-sprawie-polskich-ustaw-o-sedziach-i-krs","status":"publish","type":"post","link":"https:\/\/kodmalopolska.pl\/?p=13975","title":{"rendered":"Podsumowanie wyroku TSUE w sprawie polskich ustaw o\u00a0s\u0119dziach i\u00a0KRS"},"content":{"rendered":"\n<div class=\"wp-block-file\"><a href=\"https:\/\/kodmalopolska.pl\/wp-content\/uploads\/2019\/11\/Wsp\u00f3lne-stanowisko-w-sprawie-wyroku-Trybuna\u0142u-Sprawiedliwo\u015bci-UE-z-dnia-19-listopada-2019-r.pdf\"><strong>Stanowisko organizacji s\u0119dziowskich w\u00a0sprawie wyroku Trybuna\u0142u Sprawiedliwo\u015bci UE z\u00a0dnia 19 listopada 2019\u00a0r.<\/strong><\/a><a href=\"https:\/\/kodmalopolska.pl\/wp-content\/uploads\/2019\/11\/Wsp\u00f3lne-stanowisko-w-sprawie-wyroku-Trybuna\u0142u-Sprawiedliwo\u015bci-UE-z-dnia-19-listopada-2019-r.pdf\" class=\"wp-block-file__button\" download>Pobierz<\/a><\/div>\n\n\n\n<div class=\"wp-block-file\"><a href=\"https:\/\/kodmalopolska.pl\/wp-content\/uploads\/2019\/11\/Dodatkowa-argumentacja-do-wsp\u00f3lnego-stanowiska-w-sprawie-wyroku-Trybuna\u0142u-Sprawiedliwo\u015bci-UE-z-dnia-19-listopada-2019-r..pdf\"><strong>Za\u0142\u0105cznik \u2014 dodatkowa argumentacja<\/strong><\/a><a href=\"https:\/\/kodmalopolska.pl\/wp-content\/uploads\/2019\/11\/Dodatkowa-argumentacja-do-wsp\u00f3lnego-stanowiska-w-sprawie-wyroku-Trybuna\u0142u-Sprawiedliwo\u015bci-UE-z-dnia-19-listopada-2019-r..pdf\" class=\"wp-block-file__button\" download>Pobierz<\/a><\/div>\n\n\n\n<blockquote class=\"wp-block-quote is-style-default is-layout-flow wp-block-quote-is-layout-flow\"><p><strong>Prof. Fryderyk Zoll \u2014 wiceprzewodnicz\u0105cy KOD Ma\u0142opolskie:<\/strong><\/p><cite> Trybuna\u0142 Sprawiedliwo\u015bci po raz kolejny musi si\u0119 zaj\u0105\u0107 polskimi sprawami. <br \/> Gromadzimy si\u0119 tutaj, bo nie akceptujemy reformy, kt\u00f3rej jedynym celem jest zast\u0105pienie s\u0119dzi\u00f3w niezawis\u0142ych s\u0119dziami potulnymi wobec w\u0142adzy. <br \/> Polskie s\u0105dy potrzebuj\u0105 reformy. M\u0105drej, dokonanej w\u00a0warunkach narodowej zgody i\u00a0szacunku dla dobra wsp\u00f3lnego, jakim jest Rzeczpospolita.  PiS\u2011owskie niszczenie s\u0105d\u00f3w nie ma z\u00a0wymaganiami takiej reformy nic wsp\u00f3lnego. PiS zbudowa\u0142 mechanizmy promuj\u0105ce sfrustrowanych, obra\u017conych outsider\u00f3w systemu. Nowa w\u0142adza dostarczy\u0142a im okazji do zemsty i\u00a0zaspokojenia w\u0142asnej frustracji. To nie s\u0142u\u017cy poprawie jako\u015bci s\u0105downictwa.<br \/> Domagamy si\u0119 przywr\u00f3cenia prawdziwej, konstytucyjnej Krajowej Rady S\u0105downictwa, aby mog\u0142a pe\u0142ni\u0107 swoj\u0105 rol\u0119 gwaranta niezale\u017cno\u015bci i\u00a0niezawis\u0142o\u015bci. <br \/> Domagamy si\u0119 zniesienia Izby Dyscyplinarnej S\u0105du Najwy\u017cszego oraz zniesienia wp\u0142ywu Ministra Sprawiedliwo\u015bci na powo\u0142ywanie rzecznik\u00f3w i\u00a0s\u0119dzi\u00f3w dyscyplinarnych.<br \/> Domagamy si\u0119 odwo\u0142ania rzecznik\u00f3w dyscyplinarnych Schaba, Radzika i\u00a0Lasoty, bo pe\u0142ni\u0105c sw\u00f3j urz\u0105d, nie sprostali wymaganiom godno\u015bci polskiego s\u0119dziego.<br \/> Domagamy si\u0119, by zaprzestano prze\u015bladowania s\u0119dzi\u00f3w sprzeciwiaj\u0105cych si\u0119 niszczeniu polskiego wymiaru sprawiedliwo\u015bci, a\u00a0w\u00a0szczeg\u00f3lno\u015bci, by nie prowadzono przeciwko nim maj\u0105cych charakter szykany post\u0119powa\u0144 dyscyplinarnych.<br \/> Sprzeciwiamy si\u0119 wprowadzaniu przez Ziobr\u0119 i\u00a0jego poplecznik\u00f3w wszelkich dalszych korekt wymiaru sprawiedliwo\u015bci. Ci ludzie nie maj\u0105 niezb\u0119dnej do tego legitymacji moralnej.<br \/> Domagamy si\u0119 odej\u015bcia faksowych prezes\u00f3w powo\u0142anych w\u00a0miejsce odwo\u0142ywanych bez uzasadnienia prezes\u00f3w s\u0105d\u00f3w maj\u0105cych oparcie w\u00a0\u015brodowisku.<br \/> Sprzeciwiamy si\u0119 niszczeniu polskiej prokuratury, wykorzystywaniu jej w\u00a0politycznych celach. Sprzeciwiamy si\u0119 prze\u015bladowaniu niezale\u017cnych prokurator\u00f3w przez delegowanie ich daleko od miejsca zamieszkania bez uwzgl\u0119dnienia ich sytuacji rodzinnej.<br \/> Chcemy, by Polska nie znajdowa\u0142a si\u0119 ju\u017c d\u0142u\u017cej pod pr\u0119gierzem Unii Europejskiej. Chcemy powrotu pa\u0144stwa prawa jako koniecznego wymogu demokracji.<br \/> Domagamy si\u0119 rozdzielenia funkcji prokuratora generalnego i\u00a0ministra sprawiedliwo\u015bci. Urz\u0105d prokuratora generalnego nie mo\u017ce by\u0107 sprawowany przez polityka.<br \/> Polska nie zas\u0142uguje na Ziobrowy wymiar sprawiedliwo\u015bci.<br \/> Domagamy si\u0119 przywr\u00f3cenia Trybuna\u0142u Konstytucyjnego stoj\u0105cego na stra\u017cy Konstytucji. Magister Przy\u0142\u0119bska musi odej\u015b\u0107, a\u00a0wraz z\u00a0ni\u0105 musi przepa\u015b\u0107 system Trybuna\u0142u na us\u0142ugach w\u0142adzy.<br \/> Chcemy wolnych s\u0105d\u00f3w w\u00a0wolnej, demokratycznej i\u00a0praworz\u0105dnej Rzeczypospolitej. <\/cite><\/blockquote>\n\n\n\n<blockquote class=\"wp-block-quote is-layout-flow wp-block-quote-is-layout-flow\"><p><strong>dr hab. Bart\u0142omiej Swaczyna \u2014 przewodnicz\u0105cy KOD Ma\u0142opolskie:<\/strong><\/p><cite>Bezpo\u015bredni\u0105 przyczyn\u0105 dzisiejszej demonstracji jest zapad\u0142y w\u0142a\u015bnie wyrok Trybuna\u0142u Sprawiedliwo\u015bci Unii Europejskiej. W&nbsp;wyroku tym TSUE odpowiedzia\u0142 na pytanie polskiego S\u0105du Najwy\u017cszego o&nbsp;to, czy Izba Dyscyplinarna SN spe\u0142nia cechy niezale\u017cnego s\u0105du w&nbsp;\u015bwietle prawa europejskiego. Znaczenie tego pytania i&nbsp;udzielonej odpowiedzi wykracza jednak daleko poza Izb\u0119 Dyscyplinarn\u0105. Rozpatruj\u0105c jej status TSUE zbada\u0142 bowiem tak\u017ce prawid\u0142owo\u015b\u0107 powo\u0142ania i&nbsp;funkcjonowania Krajowej Rady S\u0105downictwa, a&nbsp;po\u015brednio kilkudziesi\u0119ciu nominacji s\u0119dziowskich w&nbsp;S\u0105dzie Najwy\u017cszym i&nbsp;kilkuset w&nbsp;s\u0105dach powszechnych.<br \/> Dzisiejszy wyrok nie daje wprost odpowiedzi na te pytania. Trybuna\u0142 sformu\u0142owa\u0142 jednak kryteria oceny, czy obsadzony w&nbsp;okre\u015blony spos\u00f3b s\u0105d jest niezale\u017cny. Za kluczow\u0105 z&nbsp;tego punktu widzenia uzna\u0142 niezale\u017cno\u015b\u0107 Krajowej Rady S\u0105downictwa od w\u0142adzy ustawodawczej i&nbsp;wykonawczej. W&nbsp;tej kwestii za miarodajne uznano trzy okoliczno\u015bci. Po pierwsze, powo\u0142uj\u0105c neo\u2011KRS skr\u00f3cono czteroletni\u0105 kadencj\u0119 jej poprzedniczki. Po drugie, po zmianach 23 na 25 cz\u0142onk\u00f3w KRS trafi\u0142o do niej z&nbsp;nadania si\u0142 politycznych, podczas gdy uprzednio a\u017c pi\u0119tna\u015bcioro, czyli znacz\u0105ca wi\u0119kszo\u015b\u0107 cz\u0142onk\u00f3w KRS, by\u0142a desygnowana przez \u015brodowisko s\u0119dziowskie. Wreszcie po trzecie, wyst\u0119powanie nieprawid\u0142owo\u015bci w&nbsp;procesie powo\u0142ywania neo\u2011KRS. To ostatnie kryterium wi\u0105\u017ce si\u0119 zapewne z&nbsp;niewykonaniem wyroku Naczelnego S\u0105du Administracyjnego nakazuj\u0105cego ujawnienie listy poparcia dla kandydat\u00f3w do KRS.<br \/> Cho\u0107 postawienie kropki nad \u201ei\u201d&nbsp;b\u0119dzie nale\u017ca\u0142o do S\u0105du Najwy\u017cszego i&nbsp;s\u0105d\u00f3w powszechnych orzekaj\u0105cych w&nbsp;poszczeg\u00f3lnych sprawach, zestawienie tych kryteri\u00f3w prowadzi do konkluzji, \u017ce neo\u2011KRS nie spe\u0142nia wymagania dostatecznej niezale\u017cno\u015bci od w\u0142adzy ustawodawczej i&nbsp;wykonawczej. W&nbsp;konsekwencji s\u0105d obsadzony przez s\u0119dzi\u00f3w nominowanych z&nbsp;jej udzia\u0142em nie jest niezale\u017cnym s\u0105dem w&nbsp;rozumieniu prawa europejskiego. Dotyczy to nowej Izby Dyscyplinarnej, Izby Spraw Publicznych i&nbsp;Kontroli Nadzwyczajnej SN, kt\u00f3re w&nbsp;ca\u0142o\u015bci zosta\u0142y w&nbsp;wadliwy spos\u00f3b wy\u0142onione. Wadliwie zostali powo\u0142ani tak\u017ce niekt\u00f3rzy s\u0119dziowie innych izb S\u0105du Najwy\u017cszego i&nbsp;oko\u0142o trzystu s\u0119dzi\u00f3w s\u0105d\u00f3w powszechnych.<br \/> Jako obywatele demokratycznego pa\u0144stwa prawa musimy wobec takich okoliczno\u015bci \u017c\u0105da\u0107 niezw\u0142ocznego ust\u0105pienia ca\u0142ej neo\u2011KRS, powstrzymania si\u0119 wadliwie nominowanych s\u0119dzi\u00f3w od orzekania i&nbsp;jak najszybszego uzgodnienia regulacji KRS z&nbsp;prawem unijnym i&nbsp;polsk\u0105 Konstytucj\u0105.<br \/> Dzisiejszy wyrok TSUE przybli\u017ca nas do powstrzymania dewastacji polskiego wymiaru sprawiedliwo\u015bci.<\/cite><\/blockquote>\n","protected":false},"excerpt":{"rendered":"<p>Prof. Fryderyk Zoll \u2014 wiceprzewodnicz\u0105cy KOD Ma\u0142opolskie: Trybuna\u0142 Sprawiedliwo\u015bci po raz kolejny musi si\u0119 zaj\u0105\u0107 polskimi sprawami. Gromadzimy si\u0119 tutaj, [&#8230;]<\/p>\n","protected":false},"author":24,"featured_media":13826,"comment_status":"closed","ping_status":"open","sticky":false,"template":"","format":"standard","meta":{"_EventAllDay":false,"_EventTimezone":"","_EventStartDate":"","_EventEndDate":"","_EventStartDateUTC":"","_EventEndDateUTC":"","_EventShowMap":false,"_EventShowMapLink":false,"_EventURL":"","_EventCost":"","_EventCostDescription":"","_EventCurrencySymbol":"","_EventCurrencyCode":"","_EventCurrencyPosition":"","_EventDateTimeSeparator":"","_EventTimeRangeSeparator":"","_EventOrganizerID":[],"_EventVenueID":[],"_OrganizerEmail":"","_OrganizerPhone":"","_OrganizerWebsite":"","_VenueAddress":"","_VenueCity":"","_VenueCountry":"","_VenueProvince":"","_VenueState":"","_VenueZip":"","_VenuePhone":"","_VenueURL":"","_VenueStateProvince":"","_VenueLat":"","_VenueLng":"","_VenueShowMap":false,"_VenueShowMapLink":false,"footnotes":""},"categories":[28],"tags":[],"class_list":["post-13975","post","type-post","status-publish","format-standard","has-post-thumbnail","hentry","category-malopolskie-news","malopolskie-news"],"_links":{"self":[{"href":"https:\/\/kodmalopolska.pl\/index.php?rest_route=\/wp\/v2\/posts\/13975","targetHints":{"allow":["GET"]}}],"collection":[{"href":"https:\/\/kodmalopolska.pl\/index.php?rest_route=\/wp\/v2\/posts"}],"about":[{"href":"https:\/\/kodmalopolska.pl\/index.php?rest_route=\/wp\/v2\/types\/post"}],"author":[{"embeddable":true,"href":"https:\/\/kodmalopolska.pl\/index.php?rest_route=\/wp\/v2\/users\/24"}],"replies":[{"embeddable":true,"href":"https:\/\/kodmalopolska.pl\/index.php?rest_route=%2Fwp%2Fv2%2Fcomments&post=13975"}],"version-history":[{"count":0,"href":"https:\/\/kodmalopolska.pl\/index.php?rest_route=\/wp\/v2\/posts\/13975\/revisions"}],"wp:featuredmedia":[{"embeddable":true,"href":"https:\/\/kodmalopolska.pl\/index.php?rest_route=\/wp\/v2\/media\/13826"}],"wp:attachment":[{"href":"https:\/\/kodmalopolska.pl\/index.php?rest_route=%2Fwp%2Fv2%2Fmedia&parent=13975"}],"wp:term":[{"taxonomy":"category","embeddable":true,"href":"https:\/\/kodmalopolska.pl\/index.php?rest_route=%2Fwp%2Fv2%2Fcategories&post=13975"},{"taxonomy":"post_tag","embeddable":true,"href":"https:\/\/kodmalopolska.pl\/index.php?rest_route=%2Fwp%2Fv2%2Ftags&post=13975"}],"curies":[{"name":"wp","href":"https:\/\/api.w.org\/{rel}","templated":true}]}}