{"id":13839,"date":"2019-11-18T21:20:03","date_gmt":"2019-11-18T20:20:03","guid":{"rendered":"https:\/\/kodmalopolska.pl\/?p=13839"},"modified":"2021-11-22T21:25:32","modified_gmt":"2021-11-22T20:25:32","slug":"inteligencje-krytyczna-racz-polsce-wrocic-panie-felieton-andrzeja-kowalczyka-4","status":"publish","type":"post","link":"https:\/\/kodmalopolska.pl\/?p=13839","title":{"rendered":"Inteligencj\u0119 krytyczn\u0105 racz Polsce wr\u00f3ci\u0107, Panie. Felieton Andrzeja Kowalczyka (4)"},"content":{"rendered":"\n<p class=\"has-drop-cap\">To nieprawda, \u017ce degenerujemy si\u0119 przez ciemnot\u0119 prowincji, kt\u00f3ra ju\u017c nie wie, gdzie jest jej tradycyjne miejsce, i&nbsp;\u201estraci\u0142a okazj\u0119, by si\u0119 nie odzywa\u0107\u201d. Wi\u0119ksz\u0105 win\u0119 ponosi ten, kto ro\u015bci sobie prawo do przewodnictwa w&nbsp;stadzie, czyli durnowata polska inteligencja z&nbsp;jej beznadziejnym szkolnictwem, dennymi uniwersytetami i&nbsp;wiecznie zadowolonymi z&nbsp;siebie biskupami.<\/p>\n\n\n\n<p>Przez ca\u0142e \u201eprzedPiS\u2011owskie\u201d \u0107wier\u0107wiecze wolnej Polski grupa ta \u2014 o&nbsp;zasi\u0119gu nie do sformalizowania dyplomem wy\u017cszej uczelni \u2014 nie wytworzy\u0142a \u017cadnej licz\u0105cej si\u0119 my\u015bli krytycznej, kt\u00f3ra nada\u0142aby tre\u015b\u0107 wyobra\u017ceniom Polak\u00f3w o&nbsp;sobie samych. A&nbsp;przecie\u017c to podstawowa funkcja spo\u0142eczna elit w&nbsp;ka\u017cdym czasie. Nie wype\u0142niaj\u0105c tego zadania, polska \u201einteligencja zarabiaj\u0105ca\u201d zaj\u0119\u0142a si\u0119 reprodukowaniem siebie w&nbsp;cyklu opisanym na Zachodzie przez Pierre\u2019a Bourdieu.<\/p>\n\n\n\n<p>Przez jaki\u015b czas mo\u017cna by\u0142o to ci\u0105gn\u0105\u0107, powtarzaj\u0105c nie w\u0142asn\u0105 przecie\u017c, lecz zapo\u017cyczon\u0105 opowie\u015b\u0107 o&nbsp;tym, jak bogactwo mniejszo\u015bci skapuje w&nbsp;d\u00f3\u0142 do liczniejszych warstw spo\u0142ecznych. Oczywi\u015bcie tylko do momentu, gdy wraz z&nbsp;kryzysem finansowym lat 2007\u20132008 w&nbsp;kulturowym centrum pojawi\u0142a si\u0119 nowa narracja, ta o&nbsp;nieuczciwym prywatyzowaniu zysk\u00f3w i&nbsp;upowszechnieniu strat. Podchwyci\u0142a j\u0105 tylko grupka inteligent\u00f3w, do tej pory trzymana przez \u201esalon\u201d w&nbsp;\u201eprzedpokoju\u201d.<\/p>\n\n\n\n<p>A przecie\u017c polsko\u015b\u0107 jest kopalni\u0105 opowie\u015bci. Niestety, w&nbsp;wi\u0119kszo\u015bci przemilczanych.<\/p>\n\n\n\n<p>Dlaczego wyparli\u015bmy swoj\u0105 postkolonialn\u0105 to\u017csamo\u015b\u0107? Dlaczego na si\u0142\u0119 udajemy tych, kt\u00f3rzy kolonizuj\u0105c planet\u0119 przez stulecia, stworzyli unikatow\u0105 kultur\u0119, a&nbsp;nie pochylamy si\u0119 nad naszym rzeczywistym ch\u0142opskim dziedzictwem z&nbsp;jego histori\u0105 niewoli i&nbsp;typowo kolonialnego wyzysku? Dlaczego wpatrujemy si\u0119 hipnotycznie w&nbsp;szlacheckich bohater\u00f3w Trylogii Sienkiewicza, nie dostrzegaj\u0105c ca\u0142o\u015bci polskiego splotu wielko\u015bci i&nbsp;ma\u0142o\u015bci?<\/p>\n\n\n\n<p>Dlaczego nie opowiadamy naszej polskiej historii jako realnego wyzwolenia, nie ograniczonego do odzyskania niepodleg\u0142o\u015bci pa\u0144stwa w&nbsp;1918 roku? Przecie\u017c jest to historia prawdziwa, pi\u0119kna i&nbsp;og\u00f3lnoludzka, uniwersalna. Rzecz jasna, naznaczona ma\u0142o\u015bci\u0105, ciemnot\u0105, niezrozumieniem i&nbsp;zdrad\u0105. W\u0142a\u015bnie dlatego prawdziwa.<\/p>\n\n\n\n<p>Dlaczego brak w&nbsp;nas refleksji nad tym, kim byli dla nas \u017bydzi przed Zag\u0142ad\u0105 i&nbsp;kim s\u0105 po niej? Czy ich wielowiekowa obecno\u015b\u0107 po\u015br\u00f3d Polak\u00f3w chrze\u015bcijan dostarczy\u0142a czego\u015b wi\u0119cej poza \u201emiar\u0105 inno\u015bci\u201d i&nbsp;kolejnym szczeblem w&nbsp;hierarchii spo\u0142ecznej pogardy? Czy studiujemy nieoczywiste wzajemne inspiracje kulturowe i&nbsp;historyczne? Co dla nas dzisiaj oznacza brak realnego \u201e\u017byda\u201d? Czy potrzebujemy kogo\u015b, kto tego \u201e\u017byda\u201d zast\u0105pi, a&nbsp;je\u015bli tak, to w&nbsp;jakim sensie?<\/p>\n\n\n\n<p>Dlaczego powielamy nierzeczywiste mity o&nbsp;rzekomym powstaniu Polski poprzez akt chrztu Mieszka, o&nbsp;zdeponowaniu polsko\u015bci w&nbsp;instytucji Ko\u015bcio\u0142a niczym hostii w&nbsp;tabernakulum, o&nbsp;odwiecznej to\u017csamo\u015bci interes\u00f3w Polski i&nbsp;Ko\u015bcio\u0142a, o&nbsp;naszym nieskazitelnym mesja\u0144skim charakterze i&nbsp;otoczeniu nas przez zdegenerowanych wrog\u00f3w, o&nbsp;warto\u015bci samoodkupienia dokonuj\u0105cego si\u0119 przez kolejne krwawe ofiary? Przecie\u017c sami w&nbsp;to wszystko nie wierzymy!<\/p>\n\n\n\n<p>Czy kto\u015b polskim inteligentom ukrad\u0142 pami\u0119\u0107? Czy kto\u015b zabra\u0142 im j\u0119zyk, kt\u00f3rym mo\u017cna by o&nbsp;tym wszystkim opowiedzie\u0107? Nie? No to zajmij si\u0119, \u201eg\u0142upia inteligencjo\u201d, dorobkiem krytycznym nielicznych swoich przedstawicieli. B\u0105d\u017a tw\u00f3rcza i&nbsp;nie b\u00f3j si\u0119 marzy\u0107!<\/p>\n","protected":false},"excerpt":{"rendered":"<p>To nieprawda, \u017ce degenerujemy si\u0119 przez ciemnot\u0119 prowincji, kt\u00f3ra ju\u017c nie wie, gdzie jest jej tradycyjne miejsce, i&nbsp;\u201estraci\u0142a okazj\u0119, by [&#8230;]<\/p>\n","protected":false},"author":24,"featured_media":28225,"comment_status":"closed","ping_status":"open","sticky":false,"template":"","format":"standard","meta":{"_EventAllDay":false,"_EventTimezone":"","_EventStartDate":"","_EventEndDate":"","_EventStartDateUTC":"","_EventEndDateUTC":"","_EventShowMap":false,"_EventShowMapLink":false,"_EventURL":"","_EventCost":"","_EventCostDescription":"","_EventCurrencySymbol":"","_EventCurrencyCode":"","_EventCurrencyPosition":"","_EventDateTimeSeparator":"","_EventTimeRangeSeparator":"","_EventOrganizerID":[],"_EventVenueID":[],"_OrganizerEmail":"","_OrganizerPhone":"","_OrganizerWebsite":"","_VenueAddress":"","_VenueCity":"","_VenueCountry":"","_VenueProvince":"","_VenueState":"","_VenueZip":"","_VenuePhone":"","_VenueURL":"","_VenueStateProvince":"","_VenueLat":"","_VenueLng":"","_VenueShowMap":false,"_VenueShowMapLink":false,"footnotes":""},"categories":[596],"tags":[604,600],"class_list":["post-13839","post","type-post","status-publish","format-standard","has-post-thumbnail","hentry","category-felietony","tag-andrzej-kowalczyk","tag-felieton","felietony"],"_links":{"self":[{"href":"https:\/\/kodmalopolska.pl\/index.php?rest_route=\/wp\/v2\/posts\/13839","targetHints":{"allow":["GET"]}}],"collection":[{"href":"https:\/\/kodmalopolska.pl\/index.php?rest_route=\/wp\/v2\/posts"}],"about":[{"href":"https:\/\/kodmalopolska.pl\/index.php?rest_route=\/wp\/v2\/types\/post"}],"author":[{"embeddable":true,"href":"https:\/\/kodmalopolska.pl\/index.php?rest_route=\/wp\/v2\/users\/24"}],"replies":[{"embeddable":true,"href":"https:\/\/kodmalopolska.pl\/index.php?rest_route=%2Fwp%2Fv2%2Fcomments&post=13839"}],"version-history":[{"count":0,"href":"https:\/\/kodmalopolska.pl\/index.php?rest_route=\/wp\/v2\/posts\/13839\/revisions"}],"wp:featuredmedia":[{"embeddable":true,"href":"https:\/\/kodmalopolska.pl\/index.php?rest_route=\/wp\/v2\/media\/28225"}],"wp:attachment":[{"href":"https:\/\/kodmalopolska.pl\/index.php?rest_route=%2Fwp%2Fv2%2Fmedia&parent=13839"}],"wp:term":[{"taxonomy":"category","embeddable":true,"href":"https:\/\/kodmalopolska.pl\/index.php?rest_route=%2Fwp%2Fv2%2Fcategories&post=13839"},{"taxonomy":"post_tag","embeddable":true,"href":"https:\/\/kodmalopolska.pl\/index.php?rest_route=%2Fwp%2Fv2%2Ftags&post=13839"}],"curies":[{"name":"wp","href":"https:\/\/api.w.org\/{rel}","templated":true}]}}