{"id":13636,"date":"2019-11-09T14:09:35","date_gmt":"2019-11-09T13:09:35","guid":{"rendered":"https:\/\/kodmalopolska.pl\/?p=13636"},"modified":"2019-11-12T13:13:51","modified_gmt":"2019-11-12T12:13:51","slug":"europa-i-sprawy-zagraniczne-felieton-fryderyka-zolla-36","status":"publish","type":"post","link":"https:\/\/kodmalopolska.pl\/?p=13636","title":{"rendered":"Europa i sprawy zagraniczne. Felieton Fryderyka Zolla (36)"},"content":{"rendered":"\n<p class=\"has-drop-cap\">W\u015br\u00f3d nat\u0142oku z\u0142ych informacji zwi\u0105zanych z&nbsp;nasileniem przez PiS walki klasowej, kt\u00f3ra przejawia si\u0119 ju\u017c w&nbsp;systematycznym prze\u015bladowaniu s\u0119dzi\u00f3w i&nbsp;niepos\u0142usznych prokurator\u00f3w oraz w&nbsp;pomrukach o&nbsp;konieczno\u015bci uderzenia w&nbsp;uniwersytety i&nbsp;wolno\u015b\u0107 nauki (to najnowsze refleksje red. Or\u0142a, uzupe\u0142nienie czerwonokhmerskich wynurze\u0144 Jakiego), pojawi\u0142a si\u0119 jedna dobra wiadomo\u015b\u0107. Jest to wprawdzie szczeg\u00f3\u0142 bez wi\u0119kszego znaczenia, zapewne wynik za\u017cartych walk o&nbsp;w\u0142adz\u0119 w&nbsp;obozie PiS\u2011u, ale zwiastuje co\u015b pozytywnego. Sprawy europejskie wydzielono mianowicie z&nbsp;Ministerstwa Spraw Zagranicznych i&nbsp;przekazano do Kancelarii Premiera. Nie chodzi o&nbsp;to, \u017ce nie b\u0119dzie si\u0119 ju\u017c nimi zajmowa\u0142 bezradny min. Czaputowicz. Najwyra\u017aniej uznano \u2013 i&nbsp;jest to symboliczne i&nbsp;zaskakuj\u0105ce \u2013 \u017ce sprawy europejskie nie s\u0105 sprawami zagranicznymi. Polska jest cz\u0119\u015bci\u0105 Unii, a&nbsp;sprawy Europy stanowi\u0105 polityk\u0119 wewn\u0119trzn\u0105 tego wielkiego organizmu. D\u0142ugo zaj\u0119\u0142o PiS\u2011owi zrozumienie tego faktu. Teraz nale\u017ca\u0142oby dostrzec, \u017ce Unia to wsp\u00f3lnota prawa i&nbsp;warto\u015bci. Nie ma w&nbsp;niej miejsca na niszczenie s\u0105d\u00f3w, na prze\u015bladowanie r\u00f3\u017cnych mniejszo\u015bci, na atakowanie akademickiej autonomii. Chcia\u0142bym wierzy\u0107, \u017ce to przesuni\u0119cie wewn\u0105trz rz\u0105du oznacza co\u015b wi\u0119cej ni\u017c taktyczne zwyci\u0119stwo jednych wrog\u00f3w demokracji i&nbsp;praworz\u0105dno\u015bci nad drugimi, \u017ce jest tam jaki\u015b zamys\u0142 rozpocz\u0119cia powrotu do Europy. Wszystko jednak, co si\u0119 dzieje wok\u00f3\u0142, tej nadziei zaprzecza.<\/p>\n","protected":false},"excerpt":{"rendered":"<p>W\u015br\u00f3d nat\u0142oku z\u0142ych informacji zwi\u0105zanych z&nbsp;nasileniem przez PiS walki klasowej, kt\u00f3ra przejawia si\u0119 ju\u017c w&nbsp;systematycznym prze\u015bladowaniu s\u0119dzi\u00f3w i&nbsp;niepos\u0142usznych prokurator\u00f3w oraz [&#8230;]<\/p>\n","protected":false},"author":24,"featured_media":12411,"comment_status":"closed","ping_status":"open","sticky":false,"template":"","format":"standard","meta":{"_EventAllDay":false,"_EventTimezone":"","_EventStartDate":"","_EventEndDate":"","_EventStartDateUTC":"","_EventEndDateUTC":"","_EventShowMap":false,"_EventShowMapLink":false,"_EventURL":"","_EventCost":"","_EventCostDescription":"","_EventCurrencySymbol":"","_EventCurrencyCode":"","_EventCurrencyPosition":"","_EventDateTimeSeparator":"","_EventTimeRangeSeparator":"","_EventOrganizerID":[],"_EventVenueID":[],"_OrganizerEmail":"","_OrganizerPhone":"","_OrganizerWebsite":"","_VenueAddress":"","_VenueCity":"","_VenueCountry":"","_VenueProvince":"","_VenueState":"","_VenueZip":"","_VenuePhone":"","_VenueURL":"","_VenueStateProvince":"","_VenueLat":"","_VenueLng":"","_VenueShowMap":false,"_VenueShowMapLink":false,"footnotes":""},"categories":[596],"tags":[496,600,601,104],"class_list":["post-13636","post","type-post","status-publish","format-standard","has-post-thumbnail","hentry","category-felietony","tag-europa","tag-felieton","tag-fryderyk-zoll","tag-prof-zoll","felietony"],"_links":{"self":[{"href":"https:\/\/kodmalopolska.pl\/index.php?rest_route=\/wp\/v2\/posts\/13636","targetHints":{"allow":["GET"]}}],"collection":[{"href":"https:\/\/kodmalopolska.pl\/index.php?rest_route=\/wp\/v2\/posts"}],"about":[{"href":"https:\/\/kodmalopolska.pl\/index.php?rest_route=\/wp\/v2\/types\/post"}],"author":[{"embeddable":true,"href":"https:\/\/kodmalopolska.pl\/index.php?rest_route=\/wp\/v2\/users\/24"}],"replies":[{"embeddable":true,"href":"https:\/\/kodmalopolska.pl\/index.php?rest_route=%2Fwp%2Fv2%2Fcomments&post=13636"}],"version-history":[{"count":0,"href":"https:\/\/kodmalopolska.pl\/index.php?rest_route=\/wp\/v2\/posts\/13636\/revisions"}],"wp:featuredmedia":[{"embeddable":true,"href":"https:\/\/kodmalopolska.pl\/index.php?rest_route=\/wp\/v2\/media\/12411"}],"wp:attachment":[{"href":"https:\/\/kodmalopolska.pl\/index.php?rest_route=%2Fwp%2Fv2%2Fmedia&parent=13636"}],"wp:term":[{"taxonomy":"category","embeddable":true,"href":"https:\/\/kodmalopolska.pl\/index.php?rest_route=%2Fwp%2Fv2%2Fcategories&post=13636"},{"taxonomy":"post_tag","embeddable":true,"href":"https:\/\/kodmalopolska.pl\/index.php?rest_route=%2Fwp%2Fv2%2Ftags&post=13636"}],"curies":[{"name":"wp","href":"https:\/\/api.w.org\/{rel}","templated":true}]}}