{"id":13613,"date":"2019-11-08T12:04:18","date_gmt":"2019-11-08T11:04:18","guid":{"rendered":"https:\/\/kodmalopolska.pl\/?p=13613"},"modified":"2019-11-12T12:23:22","modified_gmt":"2019-11-12T11:23:22","slug":"husarz-i-straznik-felieton-fryderyka-zolla-35","status":"publish","type":"post","link":"https:\/\/kodmalopolska.pl\/?p=13613","title":{"rendered":"Husarz i Stra\u017cnik. Felieton Fryderyka Zolla (35)"},"content":{"rendered":"\n<p class=\"has-drop-cap\">Ma\u0142a Emi za rozpowszechnianie k\u0142amstw o&nbsp;s\u0119dziach broni\u0105cych fundament\u00f3w pa\u0144stwa prawa otrzyma\u0142a od podw\u0142adnego Ziobry zwanego Hersztem i&nbsp;jego \u017co\u0142nierzy statuetk\u0119 husarza. Dla podtrzymania hejterki na duchu nazywano j\u0105 Ink\u0105. Arcybiskup J\u0119draszewski otrzyma\u0142 od \u201eDo Rzeczy\u201d i&nbsp;Instytutu Wsp\u00f3\u0142pracy Polsko-W\u0119gierskiej tytu\u0142 Stra\u017cnika Warto\u015bci. W&nbsp;laudacji nazwano go \u201eKurierem z&nbsp;Krakowa&#8221;, nawi\u0105zuj\u0105c do s\u0142ynnego \u201eKuriera z&nbsp;Warszawy\u201d. Nagrod\u0119 przyznano mu za hejt wobec \u015brodowisk LGBT, a&nbsp;w&nbsp;uroczysto\u015bci uczestniczyli wysocy dygnitarze partii i&nbsp;rz\u0105du, w&nbsp;tym premier Morawiecki. Tw\u00f3rcy nowej historii chc\u0105 nas przekona\u0107, \u017ce wsp\u00f3\u0142cze\u015bni hejterzy s\u0105 r\u00f3wnie heroiczni jak bohaterowie z&nbsp;przesz\u0142o\u015bci, kt\u00f3rzy dla Polski po\u015bwi\u0119cili \u017cycie, nara\u017caj\u0105c si\u0119 na ogromne niebezpiecze\u0144stwo. S\u0105 to smutne wydarzenia. Ma\u0142\u0105 Emi bezwzgl\u0119dnie wykorzystano i&nbsp;porzucono. To samo czeka Ko\u015bci\u00f3\u0142 w&nbsp;Polsce, gdy ju\u017c przestanie by\u0107 potrzebny do wygrania wybor\u00f3w i&nbsp;gdy sam zaniknie za spraw\u0105 Stra\u017cnika Warto\u015bci i&nbsp;jemu podobnych. PiS dostrzega, \u017ce w\u0142adza mu kruszeje, wi\u0119c stara si\u0119 roznieci\u0107 wojn\u0119 polsko-polsk\u0105, wykorzystuj\u0105c naiwno\u015b\u0107 i&nbsp;pr\u00f3\u017cno\u015b\u0107 ludzi \u0142asych na honory. Zadaniem opozycji jest nie da\u0107 si\u0119 sprowokowa\u0107. Oni niech tocz\u0105 wojn\u0119. Opozycja musi nie\u015b\u0107 wizj\u0119 otwartej, przyjaznej, demokratycznej i&nbsp;praworz\u0105dnej Polski. Musi nie\u015b\u0107 przekaz ochrony autonomii nauki, niezale\u017cno\u015bci samorz\u0105d\u00f3w, przekaz wsp\u00f3lnoty, w&nbsp;kt\u00f3rej pomieszcz\u0105 si\u0119 wszyscy: zar\u00f3wno \u201ewierz\u0105cy w&nbsp;Boga, jak i&nbsp;nie podzielaj\u0105cy tej wiary\u201d. Musi g\u0142osi\u0107 program naprawy edukacji, s\u0105downictwa, prokuratury, armii i&nbsp;policji. Musi nie\u015b\u0107 wizj\u0119 troskliwego pa\u0144stwa, kt\u00f3re tworzy szanse dla przedsi\u0119biorc\u00f3w i&nbsp;innowator\u00f3w. A&nbsp;husarze i&nbsp;stra\u017cnicy warto\u015bci niech dalej p\u0119dz\u0105 w&nbsp;otch\u0142a\u0144. I&nbsp;niech poci\u0105gn\u0105 za sob\u0105 wszystkich siewc\u00f3w nienawi\u015bci. Dla nich polityka to konieczno\u015b\u0107 wojny. Opozycja musi przedstawi\u0107 \u2014 i&nbsp;to nie tylko w&nbsp;wielkich miastach \u2014 zupe\u0142nie inn\u0105 koncepcj\u0119 polityczn\u0105.<\/p>\n","protected":false},"excerpt":{"rendered":"<p>Ma\u0142a Emi za rozpowszechnianie k\u0142amstw o&nbsp;s\u0119dziach broni\u0105cych fundament\u00f3w pa\u0144stwa prawa otrzyma\u0142a od podw\u0142adnego Ziobry zwanego Hersztem i&nbsp;jego \u017co\u0142nierzy statuetk\u0119 husarza. [&#8230;]<\/p>\n","protected":false},"author":24,"featured_media":12411,"comment_status":"closed","ping_status":"open","sticky":false,"template":"","format":"standard","meta":{"_EventAllDay":false,"_EventTimezone":"","_EventStartDate":"","_EventEndDate":"","_EventStartDateUTC":"","_EventEndDateUTC":"","_EventShowMap":false,"_EventShowMapLink":false,"_EventURL":"","_EventCost":"","_EventCostDescription":"","_EventCurrencySymbol":"","_EventCurrencyCode":"","_EventCurrencyPosition":"","_EventDateTimeSeparator":"","_EventTimeRangeSeparator":"","_EventOrganizerID":[],"_EventVenueID":[],"_OrganizerEmail":"","_OrganizerPhone":"","_OrganizerWebsite":"","_VenueAddress":"","_VenueCity":"","_VenueCountry":"","_VenueProvince":"","_VenueState":"","_VenueZip":"","_VenuePhone":"","_VenueURL":"","_VenueStateProvince":"","_VenueLat":"","_VenueLng":"","_VenueShowMap":false,"_VenueShowMapLink":false,"footnotes":""},"categories":[596],"tags":[],"class_list":["post-13613","post","type-post","status-publish","format-standard","has-post-thumbnail","hentry","category-felietony","felietony"],"_links":{"self":[{"href":"https:\/\/kodmalopolska.pl\/index.php?rest_route=\/wp\/v2\/posts\/13613","targetHints":{"allow":["GET"]}}],"collection":[{"href":"https:\/\/kodmalopolska.pl\/index.php?rest_route=\/wp\/v2\/posts"}],"about":[{"href":"https:\/\/kodmalopolska.pl\/index.php?rest_route=\/wp\/v2\/types\/post"}],"author":[{"embeddable":true,"href":"https:\/\/kodmalopolska.pl\/index.php?rest_route=\/wp\/v2\/users\/24"}],"replies":[{"embeddable":true,"href":"https:\/\/kodmalopolska.pl\/index.php?rest_route=%2Fwp%2Fv2%2Fcomments&post=13613"}],"version-history":[{"count":0,"href":"https:\/\/kodmalopolska.pl\/index.php?rest_route=\/wp\/v2\/posts\/13613\/revisions"}],"wp:featuredmedia":[{"embeddable":true,"href":"https:\/\/kodmalopolska.pl\/index.php?rest_route=\/wp\/v2\/media\/12411"}],"wp:attachment":[{"href":"https:\/\/kodmalopolska.pl\/index.php?rest_route=%2Fwp%2Fv2%2Fmedia&parent=13613"}],"wp:term":[{"taxonomy":"category","embeddable":true,"href":"https:\/\/kodmalopolska.pl\/index.php?rest_route=%2Fwp%2Fv2%2Fcategories&post=13613"},{"taxonomy":"post_tag","embeddable":true,"href":"https:\/\/kodmalopolska.pl\/index.php?rest_route=%2Fwp%2Fv2%2Ftags&post=13613"}],"curies":[{"name":"wp","href":"https:\/\/api.w.org\/{rel}","templated":true}]}}