{"id":13335,"date":"2019-10-28T17:50:41","date_gmt":"2019-10-28T16:50:41","guid":{"rendered":"https:\/\/kodmalopolska.pl\/?p=13335"},"modified":"2019-10-30T11:48:52","modified_gmt":"2019-10-30T10:48:52","slug":"tytul-i-prezydent-felieton-fryderyka-zolla-27","status":"publish","type":"post","link":"https:\/\/kodmalopolska.pl\/?p=13335","title":{"rendered":"Tytu\u0142 i prezydent. Felieton Fryderyka Zolla (27)"},"content":{"rendered":"\n<p class=\"has-drop-cap\">Prezydent wstrzymuje profesorskie nominacje dla os\u00f3b zwi\u0105zanych z&nbsp;dzia\u0142alno\u015bci\u0105 opozycyjn\u0105, np. dzia\u0142alno\u015bci\u0105 KOD\u2011u. Nie ma do tego \u017cadnych podstaw prawnych. Wsp\u00f3\u0142czuj\u0119 tym osobom. Wiem, jak stresuj\u0105ce jest takie oczekiwanie, nawet gdy wszystko toczy si\u0119 zwyk\u0142ym trybem. Przy bezprawnym wstrzymywaniu nominacji sytuacja jest stresuj\u0105ca podw\u00f3jnie. Mszcz\u0105 si\u0119 zaniedbania okresu transformacji. Kompetencj\u0119 t\u0119 pozostawiono prezydentowi, podczas gdy powinna przys\u0142ugiwa\u0107 jedynie uniwersytetom. Co prawda, wr\u0119czenie nominacji to mi\u0142a uroczysto\u015b\u0107, okazja do spotkania g\u0142owy pa\u0144stwa. Schlebia\u0142o nam to. Kompetencja ta jednak nie daje si\u0119 pogodzi\u0107 z&nbsp;zasad\u0105 autonomii uczelni. \u015arodowisko akademickie ponosi odpowiedzialno\u015b\u0107 za to, \u017ce nie broni\u0142o swojej niezale\u017cno\u015bci i&nbsp;nie domaga\u0142o si\u0119, by odebra\u0107 prezydentowi to uprawnienie, niewynikaj\u0105ce zreszt\u0105 z&nbsp;Konstytucji. W&nbsp;przysz\u0142o\u015bci trzeba b\u0119dzie to zmieni\u0107. Teraz mo\u017cna jedynie pociesza\u0107 czekaj\u0105cych uczonych. Nie martwcie si\u0119: o&nbsp;statusie uczonego naprawd\u0119 nie decyduj\u0105 tytu\u0142y od prezydenta, ale napisane artyku\u0142y i&nbsp;ksi\u0105\u017cki. Musimy si\u0119 nauczy\u0107 przywi\u0105zywa\u0107 wag\u0119 do tego, co istotne, a&nbsp;nie do otoczki pe\u0142nej pr\u00f3\u017cnego blichtru. Zdaje si\u0119, \u017ce nadchodzi czas PiS\u2011owskich profesor\u00f3w. Nie wiem, jak b\u0119dziemy ich nazywa\u0107. Nowi marcowi? Mo\u017ce nawet lepiej nie otrzymywa\u0107 nominacji od obecnego prezydenta. Andrzej Duda mo\u017ce przecie\u017c przy okazji opowiedzie\u0107 jaki\u015b dowcip, cho\u0107by o&nbsp;rektorach u&nbsp;kanibali. Mo\u017ce te\u017c poinstruowa\u0107 nominat\u00f3w, \u017ce za jego przyk\u0142adem powinni si\u0119 ci\u0105gle uczy\u0107. A&nbsp;m\u00f3wi\u0105c ca\u0142kiem powa\u017cnie: te wstrzymane nominacje to kolejny zwiastun zbli\u017caj\u0105cej si\u0119 rozprawy z&nbsp;jajog\u0142owymi. W\u0142adza wybije uczonym z&nbsp;g\u0142owy lewacko\u015b\u0107, a&nbsp;m\u0142odzie\u017c socjalizowana w&nbsp;warto\u015bciach konserwatywno-narodowych ochoczo zag\u0142osuje na PiS. Uczeni do ksi\u0105\u017cek! Precz z&nbsp;kosmopolityzmem na uczelniach! Na tytu\u0142y trzeba zas\u0142u\u017cy\u0107 lojalno\u015bci\u0105 wobec w\u0142adzy, zamiast k\u0105sa\u0107 r\u0119k\u0119, kt\u00f3ra karmi. Tak sobie my\u015bl\u0119, \u017ce mo\u017ce panowie czekaj\u0105cy na nale\u017cny tytu\u0142 b\u0119d\u0105 mieli szcz\u0119\u015bcie i&nbsp;w&nbsp;przysz\u0142ym roku wr\u0119czy im go ju\u017c nowy, inny prezydent Rzeczypospolitej.<\/p>\n","protected":false},"excerpt":{"rendered":"<p>Prezydent wstrzymuje profesorskie nominacje dla os\u00f3b zwi\u0105zanych z&nbsp;dzia\u0142alno\u015bci\u0105 opozycyjn\u0105, np. dzia\u0142alno\u015bci\u0105 KOD\u2011u. Nie ma do tego \u017cadnych podstaw prawnych. Wsp\u00f3\u0142czuj\u0119 [&#8230;]<\/p>\n","protected":false},"author":24,"featured_media":12411,"comment_status":"closed","ping_status":"open","sticky":false,"template":"","format":"standard","meta":{"_EventAllDay":false,"_EventTimezone":"","_EventStartDate":"","_EventEndDate":"","_EventStartDateUTC":"","_EventEndDateUTC":"","_EventShowMap":false,"_EventShowMapLink":false,"_EventURL":"","_EventCost":"","_EventCostDescription":"","_EventCurrencySymbol":"","_EventCurrencyCode":"","_EventCurrencyPosition":"","_EventDateTimeSeparator":"","_EventTimeRangeSeparator":"","_EventOrganizerID":[],"_EventVenueID":[],"_OrganizerEmail":"","_OrganizerPhone":"","_OrganizerWebsite":"","_VenueAddress":"","_VenueCity":"","_VenueCountry":"","_VenueProvince":"","_VenueState":"","_VenueZip":"","_VenuePhone":"","_VenueURL":"","_VenueStateProvince":"","_VenueLat":"","_VenueLng":"","_VenueShowMap":false,"_VenueShowMapLink":false,"footnotes":""},"categories":[596],"tags":[],"class_list":["post-13335","post","type-post","status-publish","format-standard","has-post-thumbnail","hentry","category-felietony","felietony"],"_links":{"self":[{"href":"https:\/\/kodmalopolska.pl\/index.php?rest_route=\/wp\/v2\/posts\/13335","targetHints":{"allow":["GET"]}}],"collection":[{"href":"https:\/\/kodmalopolska.pl\/index.php?rest_route=\/wp\/v2\/posts"}],"about":[{"href":"https:\/\/kodmalopolska.pl\/index.php?rest_route=\/wp\/v2\/types\/post"}],"author":[{"embeddable":true,"href":"https:\/\/kodmalopolska.pl\/index.php?rest_route=\/wp\/v2\/users\/24"}],"replies":[{"embeddable":true,"href":"https:\/\/kodmalopolska.pl\/index.php?rest_route=%2Fwp%2Fv2%2Fcomments&post=13335"}],"version-history":[{"count":0,"href":"https:\/\/kodmalopolska.pl\/index.php?rest_route=\/wp\/v2\/posts\/13335\/revisions"}],"wp:featuredmedia":[{"embeddable":true,"href":"https:\/\/kodmalopolska.pl\/index.php?rest_route=\/wp\/v2\/media\/12411"}],"wp:attachment":[{"href":"https:\/\/kodmalopolska.pl\/index.php?rest_route=%2Fwp%2Fv2%2Fmedia&parent=13335"}],"wp:term":[{"taxonomy":"category","embeddable":true,"href":"https:\/\/kodmalopolska.pl\/index.php?rest_route=%2Fwp%2Fv2%2Fcategories&post=13335"},{"taxonomy":"post_tag","embeddable":true,"href":"https:\/\/kodmalopolska.pl\/index.php?rest_route=%2Fwp%2Fv2%2Ftags&post=13335"}],"curies":[{"name":"wp","href":"https:\/\/api.w.org\/{rel}","templated":true}]}}