{"id":13135,"date":"2019-10-21T17:02:04","date_gmt":"2019-10-21T15:02:04","guid":{"rendered":"https:\/\/kodmalopolska.pl\/?p=13135"},"modified":"2019-10-22T00:35:06","modified_gmt":"2019-10-21T22:35:06","slug":"komisje-sledcze-opozycja-i-demokracja-felieton-fryderyka-zolla-20","status":"publish","type":"post","link":"https:\/\/kodmalopolska.pl\/?p=13135","title":{"rendered":"Komisje \u015bledcze, opozycja i\u00a0demokracja. Felieton Fryderyka Zolla (20)"},"content":{"rendered":"\n<p class=\"has-drop-cap\">Media obieg\u0142a ostatnio informacja, \u017ce w&nbsp;Niemczech komisja \u015bledcza b\u0119dzie bada\u0107 rz\u0105dz\u0105c\u0105 CSU w&nbsp;sprawie autostradowego myta. Jak to si\u0119 dzieje, \u017ce opozycja, nie maj\u0105c wi\u0119kszo\u015bci w&nbsp;parlamencie, powo\u0142uje komisj\u0119 \u015bledcz\u0105? Ot\u00f3\u017c wystarczy wniosek trzech klub\u00f3w parlamentarnych. Czytaj\u0105c te wiadomo\u015bci, zaczynamy dostrzega\u0107, jak bardzo system w&nbsp;Polsce ur\u0105ga demokracji. Celem naszych komisji \u015bledczych nie jest kontrola rz\u0105du, ale uderzenie w&nbsp;opozycj\u0119. Mo\u017cliwo\u015b\u0107 powo\u0142ania komisji dopiero po uzyskaniu wi\u0119kszo\u015bci parlamentarnej zmienia komisj\u0119 \u015bledcz\u0105 z&nbsp;organu kontroli w&nbsp;organ represji. Przez ca\u0142\u0105 kadencj\u0119 odchodz\u0105cego Sejmu ogl\u0105dali\u015bmy \u017ca\u0142osne popisy r\u00f3\u017cnych PiS\u2011owskich przewodnicz\u0105cych wys\u0142anych z&nbsp;misj\u0105 atakowania przede wszystkim Donalda Tuska. Spektakle te nie przynios\u0142y niczego poza coraz g\u0142\u0119bszym przekonaniem, \u017ce nasz parlament nie jest ju\u017c \u015bwi\u0105tyni\u0105 demokracji, ale jednym z&nbsp;przejaw\u00f3w rodz\u0105cego si\u0119 autorytaryzmu. O&nbsp;tej sprawie te\u017c trzeba b\u0119dzie pomy\u015ble\u0107 przy urz\u0105dzaniu Rzeczypospolitej na nowo. Tymczasem nale\u017cy robi\u0107 to, co mo\u017cliwe. Senat musi si\u0119 sta\u0107 miejscem wzorowego parlamentaryzmu i&nbsp;kultury demokratycznej. Prawa mniejszo\u015bci parlamentarnej musz\u0105 by\u0107 w&nbsp;nim przestrzegane, tak by wi\u0119kszo\u015b\u0107 nie si\u0119gn\u0119\u0142a po logik\u0119 odwetu za to, co jej oponenci wyprawiali i&nbsp;wyprawiaj\u0105 w&nbsp;Sejmie. Senat powinien reprezentowa\u0107 demokratyczn\u0105 i&nbsp;praworz\u0105dn\u0105 Polsk\u0119. Tak powinno by\u0107 przy obsadzaniu komisji senackich i&nbsp;prezydium, przy dochowywaniu procedur. Ludzie musz\u0105 zobaczy\u0107, \u017ce lepsza Polska jest mo\u017cliwa.<\/p>\n","protected":false},"excerpt":{"rendered":"<p>Media obieg\u0142a ostatnio informacja, \u017ce w&nbsp;Niemczech komisja \u015bledcza b\u0119dzie bada\u0107 rz\u0105dz\u0105c\u0105 CSU w&nbsp;sprawie autostradowego myta. Jak to si\u0119 dzieje, \u017ce [&#8230;]<\/p>\n","protected":false},"author":24,"featured_media":12411,"comment_status":"closed","ping_status":"open","sticky":false,"template":"","format":"standard","meta":{"_EventAllDay":false,"_EventTimezone":"","_EventStartDate":"","_EventEndDate":"","_EventStartDateUTC":"","_EventEndDateUTC":"","_EventShowMap":false,"_EventShowMapLink":false,"_EventURL":"","_EventCost":"","_EventCostDescription":"","_EventCurrencySymbol":"","_EventCurrencyCode":"","_EventCurrencyPosition":"","_EventDateTimeSeparator":"","_EventTimeRangeSeparator":"","_EventOrganizerID":[],"_EventVenueID":[],"_OrganizerEmail":"","_OrganizerPhone":"","_OrganizerWebsite":"","_VenueAddress":"","_VenueCity":"","_VenueCountry":"","_VenueProvince":"","_VenueState":"","_VenueZip":"","_VenuePhone":"","_VenueURL":"","_VenueStateProvince":"","_VenueLat":"","_VenueLng":"","_VenueShowMap":false,"_VenueShowMapLink":false,"footnotes":""},"categories":[596],"tags":[],"class_list":["post-13135","post","type-post","status-publish","format-standard","has-post-thumbnail","hentry","category-felietony","felietony"],"_links":{"self":[{"href":"https:\/\/kodmalopolska.pl\/index.php?rest_route=\/wp\/v2\/posts\/13135","targetHints":{"allow":["GET"]}}],"collection":[{"href":"https:\/\/kodmalopolska.pl\/index.php?rest_route=\/wp\/v2\/posts"}],"about":[{"href":"https:\/\/kodmalopolska.pl\/index.php?rest_route=\/wp\/v2\/types\/post"}],"author":[{"embeddable":true,"href":"https:\/\/kodmalopolska.pl\/index.php?rest_route=\/wp\/v2\/users\/24"}],"replies":[{"embeddable":true,"href":"https:\/\/kodmalopolska.pl\/index.php?rest_route=%2Fwp%2Fv2%2Fcomments&post=13135"}],"version-history":[{"count":0,"href":"https:\/\/kodmalopolska.pl\/index.php?rest_route=\/wp\/v2\/posts\/13135\/revisions"}],"wp:featuredmedia":[{"embeddable":true,"href":"https:\/\/kodmalopolska.pl\/index.php?rest_route=\/wp\/v2\/media\/12411"}],"wp:attachment":[{"href":"https:\/\/kodmalopolska.pl\/index.php?rest_route=%2Fwp%2Fv2%2Fmedia&parent=13135"}],"wp:term":[{"taxonomy":"category","embeddable":true,"href":"https:\/\/kodmalopolska.pl\/index.php?rest_route=%2Fwp%2Fv2%2Fcategories&post=13135"},{"taxonomy":"post_tag","embeddable":true,"href":"https:\/\/kodmalopolska.pl\/index.php?rest_route=%2Fwp%2Fv2%2Ftags&post=13135"}],"curies":[{"name":"wp","href":"https:\/\/api.w.org\/{rel}","templated":true}]}}