{"id":12351,"date":"2019-10-04T21:54:18","date_gmt":"2019-10-04T19:54:18","guid":{"rendered":"https:\/\/kodmalopolska.pl\/?p=12351"},"modified":"2019-10-07T10:41:32","modified_gmt":"2019-10-07T08:41:32","slug":"upadek-tytana-felieton-fryderyka-zolla","status":"publish","type":"post","link":"https:\/\/kodmalopolska.pl\/?p=12351","title":{"rendered":"Upadek tytana. Felieton Fryderyka Zolla (3)"},"content":{"rendered":"\n<p class=\"has-drop-cap has-medium-font-size\">\u201eDzi\u0119kuj\u0119 za zasygnalizowanie problemu\u201d. \u201eJestem otwarty na dialog.\u201d \u201eTo interesuj\u0105ca kwestia\u201d. Janusz Wojciechowski, kandydat PiS\u2011u na komisarza UE do spraw rolnictwa, nie mia\u0142 wiele do powiedzenia podczas przes\u0142uchania w\u00a0Parlamencie Europejskim. Nic zreszt\u0105 dziwnego: mi\u0119dzy PiS\u2011owsk\u0105 wizj\u0105 Europy a\u00a0zadaniami Komisji Europejskiej i\u00a0jej komisarzy zieje przepa\u015b\u0107 nie do zasypania. Dobrze to oddaj\u0105 s\u0142owa samego kandydata: zapytany, dlaczego wbrew regu\u0142om wi\u0105\u017c\u0105cym europos\u0142\u00f3w nie korzysta\u0142 z\u00a0biura podr\u00f3\u017cy obs\u0142uguj\u0105cego parlament, ale z\u00a0dro\u017cszej polskiej firmy, wyja\u015bni\u0142, \u017ce kierowa\u0142 si\u0119 patriotyzmem. Takie w\u0142a\u015bnie jest podej\u015bcie PiS\u2011u: komisarz rolnictwa to kto\u015b, kto na boku co\u015b tam zachachm\u0119ci ze szkod\u0105 dla Unii. Bo dla PiS\u2011u Unia nie jest wsp\u00f3lnot\u0105, kt\u00f3rej istnienie i\u00a0pomy\u015blno\u015b\u0107 s\u0105 w\u00a0interesie nas wszystkich w\u00a0tym coraz bardziej rozko\u0142ysanym \u015bwiecie, ale terenem, na kt\u00f3rym mo\u017cna cwaniactwem zagarn\u0105\u0107 co\u015b dla siebie. W\u00a0Europie dostrze\u017cono to niebezpiecze\u0144stwo i\u00a0okrojono kompetencje komisarza rolnego tak, by jak najdalej odsun\u0105\u0107 go od pieni\u0119dzy. Europos\u0142om z\u00a0komisji rolnictwa to nie wystarczy\u0142o. Komisarz, kt\u00f3ry jest jedynie \u201eotwarty na dialog\u201d, nie jest Europie potrzebny. Nie wiadomo, czy na tym sko\u0144czy si\u0119 kariera kandydata Wojciechowskiego w\u00a0komisji rolnictwa. Niezale\u017cnie jednak, kogo PiS wystawi na to miejsce, nierozwi\u0105zywalny dylemat pozostanie. Nie da si\u0119 pogodzi\u0107 wizji urz\u0119dnika, kt\u00f3ry ma na boku za\u0142atwia\u0107 interesiki swojego \u015brodowiska, z\u00a0wizj\u0105 pracy w\u00a0interesie Europy. Tylko przegrana PiS\u2011u w\u00a0wyborach mo\u017ce ten dylemat rozwi\u0105za\u0107.<\/p>\n","protected":false},"excerpt":{"rendered":"<p>\u201eDzi\u0119kuj\u0119 za zasygnalizowanie problemu\u201d. \u201eJestem otwarty na dialog.\u201d \u201eTo interesuj\u0105ca kwestia\u201d. Janusz Wojciechowski, kandydat PiS\u2011u na komisarza UE do spraw [&#8230;]<\/p>\n","protected":false},"author":24,"featured_media":12411,"comment_status":"closed","ping_status":"open","sticky":false,"template":"","format":"standard","meta":{"_EventAllDay":false,"_EventTimezone":"","_EventStartDate":"","_EventEndDate":"","_EventStartDateUTC":"","_EventEndDateUTC":"","_EventShowMap":false,"_EventShowMapLink":false,"_EventURL":"","_EventCost":"","_EventCostDescription":"","_EventCurrencySymbol":"","_EventCurrencyCode":"","_EventCurrencyPosition":"","_EventDateTimeSeparator":"","_EventTimeRangeSeparator":"","_EventOrganizerID":[],"_EventVenueID":[],"_OrganizerEmail":"","_OrganizerPhone":"","_OrganizerWebsite":"","_VenueAddress":"","_VenueCity":"","_VenueCountry":"","_VenueProvince":"","_VenueState":"","_VenueZip":"","_VenuePhone":"","_VenueURL":"","_VenueStateProvince":"","_VenueLat":"","_VenueLng":"","_VenueShowMap":false,"_VenueShowMapLink":false,"footnotes":""},"categories":[596],"tags":[],"class_list":["post-12351","post","type-post","status-publish","format-standard","has-post-thumbnail","hentry","category-felietony","felietony"],"_links":{"self":[{"href":"https:\/\/kodmalopolska.pl\/index.php?rest_route=\/wp\/v2\/posts\/12351","targetHints":{"allow":["GET"]}}],"collection":[{"href":"https:\/\/kodmalopolska.pl\/index.php?rest_route=\/wp\/v2\/posts"}],"about":[{"href":"https:\/\/kodmalopolska.pl\/index.php?rest_route=\/wp\/v2\/types\/post"}],"author":[{"embeddable":true,"href":"https:\/\/kodmalopolska.pl\/index.php?rest_route=\/wp\/v2\/users\/24"}],"replies":[{"embeddable":true,"href":"https:\/\/kodmalopolska.pl\/index.php?rest_route=%2Fwp%2Fv2%2Fcomments&post=12351"}],"version-history":[{"count":0,"href":"https:\/\/kodmalopolska.pl\/index.php?rest_route=\/wp\/v2\/posts\/12351\/revisions"}],"wp:featuredmedia":[{"embeddable":true,"href":"https:\/\/kodmalopolska.pl\/index.php?rest_route=\/wp\/v2\/media\/12411"}],"wp:attachment":[{"href":"https:\/\/kodmalopolska.pl\/index.php?rest_route=%2Fwp%2Fv2%2Fmedia&parent=12351"}],"wp:term":[{"taxonomy":"category","embeddable":true,"href":"https:\/\/kodmalopolska.pl\/index.php?rest_route=%2Fwp%2Fv2%2Fcategories&post=12351"},{"taxonomy":"post_tag","embeddable":true,"href":"https:\/\/kodmalopolska.pl\/index.php?rest_route=%2Fwp%2Fv2%2Ftags&post=12351"}],"curies":[{"name":"wp","href":"https:\/\/api.w.org\/{rel}","templated":true}]}}