{"id":12217,"date":"2019-10-02T16:36:47","date_gmt":"2019-10-02T14:36:47","guid":{"rendered":"https:\/\/kodmalopolska.pl\/?p=12217"},"modified":"2019-10-02T20:12:55","modified_gmt":"2019-10-02T18:12:55","slug":"oswiadczenie-zarzadu-regionu-malopolskie-ws-listu-abp-marka-jedraszewskiego","status":"publish","type":"post","link":"https:\/\/kodmalopolska.pl\/?p=12217","title":{"rendered":"O\u015aWIADCZENIE ZARZ\u0104DU REGIONU MA\u0141OPOLSKIE ws. listu abp. Marka J\u0119draszewskiego"},"content":{"rendered":"\n<p>Arcybiskup\nMarek J\u0119draszewski wystosowa\u0142 28 wrze\u015bnia 2019 roku list pasterski, kt\u00f3ry w\nnieakceptowalnych sformu\u0142owaniach wyra\u017ca nieuprawnione oceny, a tak\u017ce przyczynia\nsi\u0119 do budowania atmosfery nienawi\u015bci wok\u00f3\u0142 os\u00f3b o innej ni\u017c heteroseksualna\norientacji. Zawarte w li\u015bcie por\u00f3wnanie postulat\u00f3w r\u00f3wnouprawnienia tych os\u00f3b\ndo narzucania komunistycznej ideologii przez totalitarne pa\u0144stwo z czas\u00f3w PRL\nwykracza daleko poza katalog \u015brodk\u00f3w retorycznych dopuszczalnych w publicznej\ndebacie. Zabieg ten fa\u0142szywie przedstawia dyskryminowan\u0105, a niekiedy \u2013 jak\npokaza\u0142y wydarzenia podczas Marszu R\u00f3wno\u015bci w&nbsp;Bia\u0142ymstoku \u2013 wr\u0119cz\nprze\u015bladowan\u0105 mniejszo\u015b\u0107 jako agresora stanowi\u0105cego zagro\u017cenie dla\nspo\u0142ecze\u0144stwa. Nie jest to niestety pierwsza taka wypowied\u017a abp.\nJ\u0119draszewskiego. Szerokim echem odbi\u0142y si\u0119 jego s\u0142owa o \u201et\u0119czowej zarazie\u201d\nw&nbsp;homilii wyg\u0142oszonej 1 sierpnia 2019 roku w trakcie mszy z okazji\nrocznicy wybuchu Powstania Warszawskiego. Przytoczone wypowiedzi w ustach\nduchownego Ko\u015bcio\u0142a, kt\u00f3ry g\u0142osi mi\u0142o\u015b\u0107 bli\u017aniego i trosk\u0119 o s\u0142abszych, nie\ntylko budz\u0105 zdumienie, ale przede wszystkim przyczyniaj\u0105 si\u0119 do tworzenia\natmosfery nienawi\u015bci, daj\u0105c moralne przyzwolenie na akty agresji. St\u0105d ju\u017c\ntylko krok do spo\u0142ecznej przemocy, kt\u00f3rej przera\u017caj\u0105ce przyk\u0142ady znamy z\nhistorii XX wieku. Zarz\u0105d Regionu Ma\u0142opolskie Komitetu Obrony Demokracji wyra\u017ca\nstanowczy sprzeciw wobec wspomnianych wypowiedzi krakowskiego metropolity i\nsolidaryzuje si\u0119 z dyskryminowanymi mniejszo\u015bciami seksualnymi.<\/p>\n\n\n\n<p>W li\u015bcie\npasterskim z 28 wrze\u015bnia 2019 roku abp J\u0119draszewski wypowiedzia\u0142 si\u0119 tak\u017ce\nprzeciwko edukacji seksualnej, kt\u00f3ra ma prowadzi\u0107 \u201edo wielkich duchowych krzywd\nwyrz\u0105dzanych dzieciom i m\u0142odzie\u017cy\u201d. Uwa\u017camy, \u017ce przekazanie m\u0142odym ludziom\nrzetelnych informacji o seksualno\u015bci cz\u0142owieka, wolnych od ideologicznych\nzniekszta\u0142ce\u0144 i opartych na dorobku nauki, jest elementem wykszta\u0142cenia, do\nkt\u00f3rego ka\u017cdy ma konstytucyjnie zagwarantowane prawo. Przedmiotem troski\narcybiskupa powinno by\u0107 raczej rozliczenie si\u0119 Ko\u015bcio\u0142a katolickiego z\nrzeczywistych krzywd wyrz\u0105dzonych dzieciom przez duchownych.<\/p>\n\n\n\n<p>Oburzaj\u0105ce\njest to, \u017ce w czasie wybor\u00f3w, kt\u00f3re tak bardzo dziel\u0105 Polak\u00f3w, abp J\u0119draszewski\naktywnie w\u0142\u0105cza si\u0119 w kampani\u0119 wyborcz\u0105, prowadz\u0105c dialog programowy z\nJaros\u0142awem Kaczy\u0144skim. \u0141ami\u0105c zasad\u0119 autonomii, wik\u0142a Ko\u015bci\u00f3\u0142 w&nbsp;walk\u0119\npolityczn\u0105 wbrew jego misji i prawnemu usytuowaniu. Pog\u0142\u0119biaj\u0105c podzia\u0142y,\ndzia\u0142a na szkod\u0119 narodu. Ko\u015bci\u00f3\u0142 korzysta w Polsce z wielu przywilej\u00f3w\nfinansowanych z podatk\u00f3w, na kt\u00f3re sk\u0142adaj\u0105 si\u0119 osoby wierz\u0105ce i niewierz\u0105ce.\nMia\u0142o to swoje uzasadnienie w roli, jak\u0105 historycznie odgrywa\u0142 Ko\u015bci\u00f3\u0142 w\nPolsce, \u0142\u0105cz\u0105c obywateli \u2013 nawet tych, kt\u00f3rzy wiary w Boga nie podzielali.\nWymy\u015blaj\u0105c sztuczne podzia\u0142y, siej\u0105c nienawi\u015b\u0107 mi\u0119dzy Polakami, Ko\u015bci\u00f3\u0142 traci\nto umocowanie i staje si\u0119 organizacj\u0105 polityczn\u0105, kt\u00f3ra powinna podlega\u0107 takim\nsamym zasadom jak inne tego typu organizacje. Nawet jednak pe\u0142ni\u0105c t\u0119 funkcj\u0119,\nnie mo\u017ce sia\u0107 nienawi\u015bci i&nbsp;pi\u0119tnowa\u0107 mniejszo\u015bci.<\/p>\n\n\n\n<p><\/p>\n\n\n\n<p> O\u015bwiadczenie zosta\u0142o przekazane mediom, abp. Markowi J\u0119draszewskiemu,  Nuncjuszowi Apostolskiemu abp. Salvatore Pennacchiovi oraz Papie\u017cowi  Franciszkowi. <\/p>\n","protected":false},"excerpt":{"rendered":"<p>Arcybiskup Marek J\u0119draszewski wystosowa\u0142 28 wrze\u015bnia 2019 roku list pasterski, kt\u00f3ry w nieakceptowalnych sformu\u0142owaniach wyra\u017ca nieuprawnione oceny, a tak\u017ce przyczynia [&#8230;]<\/p>\n","protected":false},"author":24,"featured_media":11597,"comment_status":"closed","ping_status":"open","sticky":false,"template":"","format":"standard","meta":{"_EventAllDay":false,"_EventTimezone":"","_EventStartDate":"","_EventEndDate":"","_EventStartDateUTC":"","_EventEndDateUTC":"","_EventShowMap":false,"_EventShowMapLink":false,"_EventURL":"","_EventCost":"","_EventCostDescription":"","_EventCurrencySymbol":"","_EventCurrencyCode":"","_EventCurrencyPosition":"","_EventDateTimeSeparator":"","_EventTimeRangeSeparator":"","_EventOrganizerID":[],"_EventVenueID":[],"_OrganizerEmail":"","_OrganizerPhone":"","_OrganizerWebsite":"","_VenueAddress":"","_VenueCity":"","_VenueCountry":"","_VenueProvince":"","_VenueState":"","_VenueZip":"","_VenuePhone":"","_VenueURL":"","_VenueStateProvince":"","_VenueLat":"","_VenueLng":"","_VenueShowMap":false,"_VenueShowMapLink":false,"footnotes":""},"categories":[294],"tags":[],"class_list":["post-12217","post","type-post","status-publish","format-standard","has-post-thumbnail","hentry","category-komunikaty","komunikaty"],"_links":{"self":[{"href":"https:\/\/kodmalopolska.pl\/index.php?rest_route=\/wp\/v2\/posts\/12217","targetHints":{"allow":["GET"]}}],"collection":[{"href":"https:\/\/kodmalopolska.pl\/index.php?rest_route=\/wp\/v2\/posts"}],"about":[{"href":"https:\/\/kodmalopolska.pl\/index.php?rest_route=\/wp\/v2\/types\/post"}],"author":[{"embeddable":true,"href":"https:\/\/kodmalopolska.pl\/index.php?rest_route=\/wp\/v2\/users\/24"}],"replies":[{"embeddable":true,"href":"https:\/\/kodmalopolska.pl\/index.php?rest_route=%2Fwp%2Fv2%2Fcomments&post=12217"}],"version-history":[{"count":0,"href":"https:\/\/kodmalopolska.pl\/index.php?rest_route=\/wp\/v2\/posts\/12217\/revisions"}],"wp:featuredmedia":[{"embeddable":true,"href":"https:\/\/kodmalopolska.pl\/index.php?rest_route=\/wp\/v2\/media\/11597"}],"wp:attachment":[{"href":"https:\/\/kodmalopolska.pl\/index.php?rest_route=%2Fwp%2Fv2%2Fmedia&parent=12217"}],"wp:term":[{"taxonomy":"category","embeddable":true,"href":"https:\/\/kodmalopolska.pl\/index.php?rest_route=%2Fwp%2Fv2%2Fcategories&post=12217"},{"taxonomy":"post_tag","embeddable":true,"href":"https:\/\/kodmalopolska.pl\/index.php?rest_route=%2Fwp%2Fv2%2Ftags&post=12217"}],"curies":[{"name":"wp","href":"https:\/\/api.w.org\/{rel}","templated":true}]}}