{"id":12171,"date":"2019-10-01T20:21:57","date_gmt":"2019-10-01T18:21:57","guid":{"rendered":"https:\/\/kodmalopolska.pl\/?p=12171"},"modified":"2019-10-01T20:23:00","modified_gmt":"2019-10-01T18:23:00","slug":"spotkanie-wyborcze-w-nowym-saczy-relacja","status":"publish","type":"post","link":"https:\/\/kodmalopolska.pl\/?p=12171","title":{"rendered":"Spotkanie wyborcze w Nowym S\u0105czy &#8211; relacja"},"content":{"rendered":"\n<p>KOD Nowy S\u0105cz zorganizowa\u0142 spotkanie, podczas kt\u00f3rego odby\u0142a si\u0119 debata kandydat\u00f3w do Parlamentu. W spotkaniu wzi\u0119\u0142o udzia\u0142 12 kandydat\u00f3w &#8211; 9 z Koalicji Obywatelskiej oraz 3 z Lewicy.<\/p>\n\n\n\n<p>Ka\u017cdy z kandydat\u00f3w przedstawi\u0142 si\u0119 i powiedzia\u0142 co nieco o sobie, po czym odby\u0142y si\u0119 trzy rundy pyta\u0144 &#8211; dwa pytania od organizator\u00f3w, trzecie pytanie mogli zada\u0107 go\u015bcie.<\/p>\n\n\n\n<p>Relacja wideo:<\/p>\n\n\n\n<p><a href=\"https:\/\/drive.google.com\/file\/d\/1wCYM3uRpGVs96BJcSwhhYMO5BIuSccLU\/view?fbclid=IwAR1Wr2hUY0DsTbrHIi7415E8akUe06yfNyHLP8iaZ7C0f8A8KsuZJaAh2VA\">https:\/\/drive.google.com\/file\/d\/1wCYM3uRpGVs96BJcSwhhYMO5BIuSccLU\/view?fbclid=IwAR1Wr2hUY0DsTbrHIi7415E8akUe06yfNyHLP8iaZ7C0f8A8KsuZJaAh2VA<\/a><\/p>\n","protected":false},"excerpt":{"rendered":"<p>KOD Nowy S\u0105cz zorganizowa\u0142 spotkanie, podczas kt\u00f3rego odby\u0142a si\u0119 debata kandydat\u00f3w do Parlamentu. W spotkaniu wzi\u0119\u0142o udzia\u0142 12 kandydat\u00f3w &#8211; [&#8230;]<\/p>\n","protected":false},"author":24,"featured_media":12186,"comment_status":"closed","ping_status":"open","sticky":false,"template":"","format":"standard","meta":{"_EventAllDay":false,"_EventTimezone":"","_EventStartDate":"","_EventEndDate":"","_EventStartDateUTC":"","_EventEndDateUTC":"","_EventShowMap":false,"_EventShowMapLink":false,"_EventURL":"","_EventCost":"","_EventCostDescription":"","_EventCurrencySymbol":"","_EventCurrencyCode":"","_EventCurrencyPosition":"","_EventDateTimeSeparator":"","_EventTimeRangeSeparator":"","_EventOrganizerID":[],"_EventVenueID":[],"_OrganizerEmail":"","_OrganizerPhone":"","_OrganizerWebsite":"","_VenueAddress":"","_VenueCity":"","_VenueCountry":"","_VenueProvince":"","_VenueState":"","_VenueZip":"","_VenuePhone":"","_VenueURL":"","_VenueStateProvince":"","_VenueLat":"","_VenueLng":"","_VenueShowMap":false,"_VenueShowMapLink":false,"footnotes":""},"categories":[28,86],"tags":[],"class_list":["post-12171","post","type-post","status-publish","format-standard","has-post-thumbnail","hentry","category-malopolskie-news","category-relacje-nowosadecki-i-gorlicki","malopolskie-news","relacje-nowosadecki-i-gorlicki"],"_links":{"self":[{"href":"https:\/\/kodmalopolska.pl\/index.php?rest_route=\/wp\/v2\/posts\/12171","targetHints":{"allow":["GET"]}}],"collection":[{"href":"https:\/\/kodmalopolska.pl\/index.php?rest_route=\/wp\/v2\/posts"}],"about":[{"href":"https:\/\/kodmalopolska.pl\/index.php?rest_route=\/wp\/v2\/types\/post"}],"author":[{"embeddable":true,"href":"https:\/\/kodmalopolska.pl\/index.php?rest_route=\/wp\/v2\/users\/24"}],"replies":[{"embeddable":true,"href":"https:\/\/kodmalopolska.pl\/index.php?rest_route=%2Fwp%2Fv2%2Fcomments&post=12171"}],"version-history":[{"count":0,"href":"https:\/\/kodmalopolska.pl\/index.php?rest_route=\/wp\/v2\/posts\/12171\/revisions"}],"wp:featuredmedia":[{"embeddable":true,"href":"https:\/\/kodmalopolska.pl\/index.php?rest_route=\/wp\/v2\/media\/12186"}],"wp:attachment":[{"href":"https:\/\/kodmalopolska.pl\/index.php?rest_route=%2Fwp%2Fv2%2Fmedia&parent=12171"}],"wp:term":[{"taxonomy":"category","embeddable":true,"href":"https:\/\/kodmalopolska.pl\/index.php?rest_route=%2Fwp%2Fv2%2Fcategories&post=12171"},{"taxonomy":"post_tag","embeddable":true,"href":"https:\/\/kodmalopolska.pl\/index.php?rest_route=%2Fwp%2Fv2%2Ftags&post=12171"}],"curies":[{"name":"wp","href":"https:\/\/api.w.org\/{rel}","templated":true}]}}