{"id":12048,"date":"2019-09-17T12:17:48","date_gmt":"2019-09-17T10:17:48","guid":{"rendered":"https:\/\/kodmalopolska.pl\/?p=12048"},"modified":"2019-09-17T12:17:50","modified_gmt":"2019-09-17T10:17:50","slug":"19-09-laczy-nas-przyszlosc-klimatu","status":"publish","type":"post","link":"https:\/\/kodmalopolska.pl\/?p=12048","title":{"rendered":"19.09. \u0141\u0105czy nas przysz\u0142o\u015b\u0107 klimatu"},"content":{"rendered":"\n<p><strong>19 wrze\u015bnia, godz. 17:30<br \/>Krak\u00f3w, ul. Krakowska 41 &#8211; Kawiarnia Literacka<\/strong><br \/><br \/>Lewica zaprasza na trzeci\u0105 dyskusj\u0119 z cyklu &#8222;\u0141\u0105czy nas przysz\u0142o\u015b\u0107&#8221;. W kolejnych tygodniach razem z mieszkankami Krakowa, politykami, urz\u0119dnikami i ekspertkami b\u0119dziemy rozmawia\u0107 mi\u0119dzy innymi o stanie oraz przysz\u0142o\u015bci kultury, ochronie zdrowia i \u015bwieckim pa\u0144stwie. <br \/><br \/>W tym tygodniu zapraszamy do rozmowy o kryzysie klimatyczno-ekologicznym, propozycjach Lewicy na jego zahamowanie i aktywno\u015bciach spo\u0142ecznych, maj\u0105cych mobilizowa\u0107 polityk\u00f3w do dzia\u0142ania.<br \/><br \/>Go\u015bcie:<br \/>Paulina Kramarz &#8211; naukowczyni Instytutu Nauk o \u015arodowisku UJ<br \/>Maciej Gdula &#8211; socjolog, lider listy Lewicy w Krakowie<br \/>Ola Taran &#8211;  cz\u0142onkini M\u0142odzie\u017cowego Strajku Klimatycznego<br \/><br \/>Prowadzenie:<br \/>Piotr \u015aroda<br \/><br \/><a rel=\"noreferrer noopener\" target=\"_blank\" href=\"https:\/\/www.facebook.com\/hashtag\/%C5%82%C4%85czynasprzysz%C5%82o%C5%9B%C4%87\">#\u0141\u0105czyNasPrzysz\u0142o\u015b\u0107<\/a> <br \/><br \/><a href=\"https:\/\/www.facebook.com\/events\/504593840097455\/\">https:\/\/www.facebook.com\/events\/504593840097455\/<\/a><\/p>\n","protected":false},"excerpt":{"rendered":"<p>19 wrze\u015bnia, godz. 17:30Krak\u00f3w, ul. Krakowska 41 &#8211; Kawiarnia Literacka Lewica zaprasza na trzeci\u0105 dyskusj\u0119 z cyklu &#8222;\u0141\u0105czy nas przysz\u0142o\u015b\u0107&#8221;. [&#8230;]<\/p>\n","protected":false},"author":24,"featured_media":12029,"comment_status":"closed","ping_status":"open","sticky":false,"template":"","format":"standard","meta":{"_EventAllDay":false,"_EventTimezone":"","_EventStartDate":"","_EventEndDate":"","_EventStartDateUTC":"","_EventEndDateUTC":"","_EventShowMap":false,"_EventShowMapLink":false,"_EventURL":"","_EventCost":"","_EventCostDescription":"","_EventCurrencySymbol":"","_EventCurrencyCode":"","_EventCurrencyPosition":"","_EventDateTimeSeparator":"","_EventTimeRangeSeparator":"","_EventOrganizerID":[],"_EventVenueID":[],"_OrganizerEmail":"","_OrganizerPhone":"","_OrganizerWebsite":"","_VenueAddress":"","_VenueCity":"","_VenueCountry":"","_VenueProvince":"","_VenueState":"","_VenueZip":"","_VenuePhone":"","_VenueURL":"","_VenueStateProvince":"","_VenueLat":"","_VenueLng":"","_VenueShowMap":false,"_VenueShowMapLink":false,"footnotes":""},"categories":[585],"tags":[],"class_list":["post-12048","post","type-post","status-publish","format-standard","has-post-thumbnail","hentry","category-wybory-2019-malopolskie-news","wybory-2019-malopolskie-news"],"_links":{"self":[{"href":"https:\/\/kodmalopolska.pl\/index.php?rest_route=\/wp\/v2\/posts\/12048","targetHints":{"allow":["GET"]}}],"collection":[{"href":"https:\/\/kodmalopolska.pl\/index.php?rest_route=\/wp\/v2\/posts"}],"about":[{"href":"https:\/\/kodmalopolska.pl\/index.php?rest_route=\/wp\/v2\/types\/post"}],"author":[{"embeddable":true,"href":"https:\/\/kodmalopolska.pl\/index.php?rest_route=\/wp\/v2\/users\/24"}],"replies":[{"embeddable":true,"href":"https:\/\/kodmalopolska.pl\/index.php?rest_route=%2Fwp%2Fv2%2Fcomments&post=12048"}],"version-history":[{"count":0,"href":"https:\/\/kodmalopolska.pl\/index.php?rest_route=\/wp\/v2\/posts\/12048\/revisions"}],"wp:featuredmedia":[{"embeddable":true,"href":"https:\/\/kodmalopolska.pl\/index.php?rest_route=\/wp\/v2\/media\/12029"}],"wp:attachment":[{"href":"https:\/\/kodmalopolska.pl\/index.php?rest_route=%2Fwp%2Fv2%2Fmedia&parent=12048"}],"wp:term":[{"taxonomy":"category","embeddable":true,"href":"https:\/\/kodmalopolska.pl\/index.php?rest_route=%2Fwp%2Fv2%2Fcategories&post=12048"},{"taxonomy":"post_tag","embeddable":true,"href":"https:\/\/kodmalopolska.pl\/index.php?rest_route=%2Fwp%2Fv2%2Ftags&post=12048"}],"curies":[{"name":"wp","href":"https:\/\/api.w.org\/{rel}","templated":true}]}}