{"id":11744,"date":"2019-07-30T19:33:07","date_gmt":"2019-07-30T17:33:07","guid":{"rendered":"https:\/\/kodmalopolska.pl\/?p=11744"},"modified":"2019-07-30T19:33:10","modified_gmt":"2019-07-30T17:33:10","slug":"oswiadczenie-zarzadu-regionu-malopolskie-w-sprawie-potepienia-aktow-agresji-wobec-demonstracji-w-zakopanem","status":"publish","type":"post","link":"https:\/\/kodmalopolska.pl\/?p=11744","title":{"rendered":"O\u015bwiadczenie Zarz\u0105du Regionu Ma\u0142opolskie w sprawie pot\u0119pienia akt\u00f3w agresji wobec demonstracji w Zakopanem"},"content":{"rendered":"\n<p> O\u015aWIADCZENIE ZARZ\u0104DU REGIONU MA\u0141OPOLSKIE KOMITETU OBRONY DEMOKRACJI z dnia 30 lipca 2019<br \/><br \/>  W niedziel\u0119 28 lipca odby\u0142a si\u0119 na R\u00f3wni Krupowej w Zakopanem  demonstracja solidarno\u015bci z uczestnikami Marszu R\u00f3wno\u015bci zaatakowanymi  21 lipca w Bia\u0142ymstoku. Samo wydarzenie pocz\u0105tkowo przebiega\u0142o bez  przeszk\u00f3d. Ju\u017c przed nim jednak mia\u0142 miejsce niepokoj\u0105cy i  symptomatyczny incydent. Kiedy dzia\u0142acz KOD zmierza\u0142  z transparentem na demonstracj\u0119, m\u0142ody m\u0119\u017cczyzna zast\u0105pi\u0142 mu drog\u0119 i  zaczepi\u0142 go wulgarnymi s\u0142owami. Dzia\u0142o si\u0119 to w obecno\u015bci  funkcjonariusza policji, kt\u00f3ry poproszony o interwencj\u0119 nakaza\u0142  zaatakowanemu oddali\u0107 si\u0119 i nawet nie wylegitymowa\u0142 agresora. Pod koniec  demonstracji jej uczestnicy zostali obrzuceni jajami przez kilku  zamaskowanych agresywnych m\u0119\u017cczyzn. Tak\u017ce tym razem policja nie zdo\u0142a\u0142a  zapobiec napa\u015bci i ustali\u0107 sprawc\u00f3w.<br \/><br \/> Zarz\u0105d Regionu Ma\u0142opolskie  Komitetu Obrony Demokracji stanowczo pot\u0119pia akty agresji skierowane  przeciwko uczestnikom pokojowej demonstracji. Wyra\u017camy tak\u017ce g\u0142\u0119bokie  zaniepokojenie niedostatecznym zabezpieczeniem tego legalnego  zgromadzenia przez policj\u0119. Nasz niepok\u00f3j jest tym bardziej uzasadniony,  \u017ce podobne akty agresji ze strony \u015brodowiska zakopia\u0144skich narodowc\u00f3w  wobec os\u00f3b publicznie g\u0142osz\u0105cych swoje przywi\u0105zanie do demokratycznych  warto\u015bci zdarza\u0142y si\u0119 ju\u017c wcze\u015bniej, nie mog\u0142y zatem by\u0107 zaskoczeniem  dla policjant\u00f3w podczas niedzielnej demonstracji. Apelujemy do policji o  zapewnienie w przysz\u0142o\u015bci dostatecznego zabezpieczenia publicznych  zgromadze\u0144 w Zakopanem. Jako obywatele mamy prawo otwarcie wyra\u017ca\u0107 swoje  pogl\u0105dy, a obowi\u0105zkiem s\u0142u\u017cb pa\u0144stwowych jest zagwarantowanie nam  bezpiecze\u0144stwa. Przemoc nie mo\u017ce stanowi\u0107 akceptowanego przez pa\u0144stwo  sposobu kszta\u0142towania \u017cycia publicznego. Wyra\u017camy bezwarunkow\u0105  solidarno\u015b\u0107 z zaatakowanymi. <br \/><br \/> Nie pozwolimy si\u0119 zastraszy\u0107! <\/p>\n\n\n\n<figure class=\"wp-block-image\"><img loading=\"lazy\" decoding=\"async\" width=\"724\" height=\"1024\" src=\"https:\/\/kodmalopolska.pl\/wp-content\/uploads\/2019\/07\/ZRM\u0141P-2019-07-30-1-o\u015bwiadczenie-1-724x1024.png\" alt=\"\" class=\"wp-image-11745\" srcset=\"https:\/\/kodmalopolska.pl\/wp-content\/uploads\/2019\/07\/ZRM\u0141P-2019-07-30-1-o\u015bwiadczenie-1-724x1024.png 724w, https:\/\/kodmalopolska.pl\/wp-content\/uploads\/2019\/07\/ZRM\u0141P-2019-07-30-1-o\u015bwiadczenie-1-283x400.png 283w, https:\/\/kodmalopolska.pl\/wp-content\/uploads\/2019\/07\/ZRM\u0141P-2019-07-30-1-o\u015bwiadczenie-1-1086x1536.png 1086w, https:\/\/kodmalopolska.pl\/wp-content\/uploads\/2019\/07\/ZRM\u0141P-2019-07-30-1-o\u015bwiadczenie-1-1447x2048.png 1447w, https:\/\/kodmalopolska.pl\/wp-content\/uploads\/2019\/07\/ZRM\u0141P-2019-07-30-1-o\u015bwiadczenie-1-348x493.png 348w, https:\/\/kodmalopolska.pl\/wp-content\/uploads\/2019\/07\/ZRM\u0141P-2019-07-30-1-o\u015bwiadczenie-1.png 1653w\" sizes=\"auto, (max-width: 724px) 100vw, 724px\" \/><\/figure>\n","protected":false},"excerpt":{"rendered":"<p>O\u015aWIADCZENIE ZARZ\u0104DU REGIONU MA\u0141OPOLSKIE KOMITETU OBRONY DEMOKRACJI z dnia 30 lipca 2019 W niedziel\u0119 28 lipca odby\u0142a si\u0119 na R\u00f3wni [&#8230;]<\/p>\n","protected":false},"author":24,"featured_media":11597,"comment_status":"closed","ping_status":"open","sticky":false,"template":"","format":"standard","meta":{"_EventAllDay":false,"_EventTimezone":"","_EventStartDate":"","_EventEndDate":"","_EventStartDateUTC":"","_EventEndDateUTC":"","_EventShowMap":false,"_EventShowMapLink":false,"_EventURL":"","_EventCost":"","_EventCostDescription":"","_EventCurrencySymbol":"","_EventCurrencyCode":"","_EventCurrencyPosition":"","_EventDateTimeSeparator":"","_EventTimeRangeSeparator":"","_EventOrganizerID":[],"_EventVenueID":[],"_OrganizerEmail":"","_OrganizerPhone":"","_OrganizerWebsite":"","_VenueAddress":"","_VenueCity":"","_VenueCountry":"","_VenueProvince":"","_VenueState":"","_VenueZip":"","_VenuePhone":"","_VenueURL":"","_VenueStateProvince":"","_VenueLat":"","_VenueLng":"","_VenueShowMap":false,"_VenueShowMapLink":false,"footnotes":""},"categories":[294],"tags":[],"class_list":["post-11744","post","type-post","status-publish","format-standard","has-post-thumbnail","hentry","category-komunikaty","komunikaty"],"_links":{"self":[{"href":"https:\/\/kodmalopolska.pl\/index.php?rest_route=\/wp\/v2\/posts\/11744","targetHints":{"allow":["GET"]}}],"collection":[{"href":"https:\/\/kodmalopolska.pl\/index.php?rest_route=\/wp\/v2\/posts"}],"about":[{"href":"https:\/\/kodmalopolska.pl\/index.php?rest_route=\/wp\/v2\/types\/post"}],"author":[{"embeddable":true,"href":"https:\/\/kodmalopolska.pl\/index.php?rest_route=\/wp\/v2\/users\/24"}],"replies":[{"embeddable":true,"href":"https:\/\/kodmalopolska.pl\/index.php?rest_route=%2Fwp%2Fv2%2Fcomments&post=11744"}],"version-history":[{"count":0,"href":"https:\/\/kodmalopolska.pl\/index.php?rest_route=\/wp\/v2\/posts\/11744\/revisions"}],"wp:featuredmedia":[{"embeddable":true,"href":"https:\/\/kodmalopolska.pl\/index.php?rest_route=\/wp\/v2\/media\/11597"}],"wp:attachment":[{"href":"https:\/\/kodmalopolska.pl\/index.php?rest_route=%2Fwp%2Fv2%2Fmedia&parent=11744"}],"wp:term":[{"taxonomy":"category","embeddable":true,"href":"https:\/\/kodmalopolska.pl\/index.php?rest_route=%2Fwp%2Fv2%2Fcategories&post=11744"},{"taxonomy":"post_tag","embeddable":true,"href":"https:\/\/kodmalopolska.pl\/index.php?rest_route=%2Fwp%2Fv2%2Ftags&post=11744"}],"curies":[{"name":"wp","href":"https:\/\/api.w.org\/{rel}","templated":true}]}}