{"id":11595,"date":"2019-07-09T12:02:34","date_gmt":"2019-07-09T10:02:34","guid":{"rendered":"https:\/\/kodmalopolska.pl\/?p=11595"},"modified":"2019-07-09T12:02:39","modified_gmt":"2019-07-09T10:02:39","slug":"oswiadczenie-zarzadu-regionu-malopolskie-kod-ws-przeniesienia-prok-mariusza-krasonia","status":"publish","type":"post","link":"https:\/\/kodmalopolska.pl\/?p=11595","title":{"rendered":"O\u015bwiadczenie Zarz\u0105du Regionu Ma\u0142opolskie KOD ws. przeniesienia prok. Mariusza Krasonia"},"content":{"rendered":"\n<p>O\u015aWIADCZENIE ZARZ\u0104DU REGIONU MA\u0141OPOLSKIE KOMITETU OBRONY DEMOKRACJI z dnia 8 lipca 2019<\/p>\n\n\n\n<p>\n Prokurator Mariusz Kraso\u0144, kt\u00f3ry publiczne wyst\u0119powa\u0142 w obronie \nniezale\u017cno\u015bci s\u0105d\u00f3w podczas manifestacji w 2017 r. oraz zainicjowa\u0142 \nprzyj\u0119cie przez Zgromadzenie Prokurator\u00f3w Prokuratury Regionalnej w \nKrakowie uchwa\u0142y przeciwko pozbawianiu prokurator\u00f3w niezale\u017cno\u015bci, \nzosta\u0142 przez Zast\u0119pc\u0119 Prokuratora Generalnego oddelegowany na p\u00f3\u0142 roku \ndo Wroc\u0142awia. Odwo\u0142anie nast\u0105pi\u0142o bez podania jakiegokolwiek\n uzasadnienia, bez uwzgl\u0119dnienia sytuacji osobistej i zawodowej \nzainteresowanego, kt\u00f3ry w ten spos\u00f3b zosta\u0142 zmuszony do pracy w \nodleg\u0142o\u015bci niemal 300 km od miejsca zamieszkania.<\/p>\n\n\n\n<p>\n Zarz\u0105d Regionu Ma\u0142opolskie Komitetu Obrony Demokracji wyra\u017ca \nzdecydowany sprzeciw wobec sposobu post\u0119powania os\u00f3b kieruj\u0105cych obecnie\n prokuratur\u0105. Przeniesienie prok. Krasonia z Krakowa do Wroc\u0142awia, \ngodz\u0105ce w jego \u017cycie rodzinne, interpretujemy jako nieformaln\u0105 kar\u0119 za \nprotesty w sprawie uczynienia z prokuratury narz\u0119dzia prowadzenia \npolityki i sprawowania w\u0142adzy. Dzia\u0142ania wobec prok. Krasonia, wzorowo \nwype\u0142niaj\u0105cego swoje obowi\u0105zki \u2013 podobnie jak wobec wielu innych \nprokurator\u00f3w sprzeciwiaj\u0105cych si\u0119 podwa\u017caniu roli prokuratury jako \ns\u0142u\u017cby w interesie ca\u0142ego spo\u0142ecze\u0144stwa \u2013 s\u0105 kolejnym przejawem \nnaruszania przez rz\u0105dz\u0105cych zasad pa\u0144stwa prawa. Wykorzystywanie \ninstytucji delegacji do zemsty na prokuratorze, kt\u00f3ry mia\u0142 odwag\u0119 \npublicznie opisa\u0107 naganne praktyki, to przejaw mobbingu i zas\u0142uguje na \nmoralne pot\u0119pienie, a w przysz\u0142o\u015bci na prawn\u0105 odpowied\u017a.<\/p>\n\n\n\n<figure class=\"wp-block-image\"><img loading=\"lazy\" decoding=\"async\" width=\"724\" height=\"1024\" src=\"https:\/\/kodmalopolska.pl\/wp-content\/uploads\/2019\/07\/Image_1-724x1024.jpeg\" alt=\"\" class=\"wp-image-11596\" srcset=\"https:\/\/kodmalopolska.pl\/wp-content\/uploads\/2019\/07\/Image_1-724x1024.jpeg 724w, https:\/\/kodmalopolska.pl\/wp-content\/uploads\/2019\/07\/Image_1-283x400.jpeg 283w, https:\/\/kodmalopolska.pl\/wp-content\/uploads\/2019\/07\/Image_1-348x493.jpeg 348w, https:\/\/kodmalopolska.pl\/wp-content\/uploads\/2019\/07\/Image_1.jpeg 1080w\" sizes=\"auto, (max-width: 724px) 100vw, 724px\" \/><\/figure>\n","protected":false},"excerpt":{"rendered":"<p>O\u015aWIADCZENIE ZARZ\u0104DU REGIONU MA\u0141OPOLSKIE KOMITETU OBRONY DEMOKRACJI z dnia 8 lipca 2019 Prokurator Mariusz Kraso\u0144, kt\u00f3ry publiczne wyst\u0119powa\u0142 w obronie [&#8230;]<\/p>\n","protected":false},"author":24,"featured_media":11597,"comment_status":"closed","ping_status":"open","sticky":false,"template":"","format":"standard","meta":{"_EventAllDay":false,"_EventTimezone":"","_EventStartDate":"","_EventEndDate":"","_EventStartDateUTC":"","_EventEndDateUTC":"","_EventShowMap":false,"_EventShowMapLink":false,"_EventURL":"","_EventCost":"","_EventCostDescription":"","_EventCurrencySymbol":"","_EventCurrencyCode":"","_EventCurrencyPosition":"","_EventDateTimeSeparator":"","_EventTimeRangeSeparator":"","_EventOrganizerID":[],"_EventVenueID":[],"_OrganizerEmail":"","_OrganizerPhone":"","_OrganizerWebsite":"","_VenueAddress":"","_VenueCity":"","_VenueCountry":"","_VenueProvince":"","_VenueState":"","_VenueZip":"","_VenuePhone":"","_VenueURL":"","_VenueStateProvince":"","_VenueLat":"","_VenueLng":"","_VenueShowMap":false,"_VenueShowMapLink":false,"footnotes":""},"categories":[294],"tags":[448],"class_list":["post-11595","post","type-post","status-publish","format-standard","has-post-thumbnail","hentry","category-komunikaty","tag-oswiadczenie","komunikaty"],"_links":{"self":[{"href":"https:\/\/kodmalopolska.pl\/index.php?rest_route=\/wp\/v2\/posts\/11595","targetHints":{"allow":["GET"]}}],"collection":[{"href":"https:\/\/kodmalopolska.pl\/index.php?rest_route=\/wp\/v2\/posts"}],"about":[{"href":"https:\/\/kodmalopolska.pl\/index.php?rest_route=\/wp\/v2\/types\/post"}],"author":[{"embeddable":true,"href":"https:\/\/kodmalopolska.pl\/index.php?rest_route=\/wp\/v2\/users\/24"}],"replies":[{"embeddable":true,"href":"https:\/\/kodmalopolska.pl\/index.php?rest_route=%2Fwp%2Fv2%2Fcomments&post=11595"}],"version-history":[{"count":0,"href":"https:\/\/kodmalopolska.pl\/index.php?rest_route=\/wp\/v2\/posts\/11595\/revisions"}],"wp:featuredmedia":[{"embeddable":true,"href":"https:\/\/kodmalopolska.pl\/index.php?rest_route=\/wp\/v2\/media\/11597"}],"wp:attachment":[{"href":"https:\/\/kodmalopolska.pl\/index.php?rest_route=%2Fwp%2Fv2%2Fmedia&parent=11595"}],"wp:term":[{"taxonomy":"category","embeddable":true,"href":"https:\/\/kodmalopolska.pl\/index.php?rest_route=%2Fwp%2Fv2%2Fcategories&post=11595"},{"taxonomy":"post_tag","embeddable":true,"href":"https:\/\/kodmalopolska.pl\/index.php?rest_route=%2Fwp%2Fv2%2Ftags&post=11595"}],"curies":[{"name":"wp","href":"https:\/\/api.w.org\/{rel}","templated":true}]}}