{"id":11281,"date":"2019-04-10T17:32:29","date_gmt":"2019-04-10T15:32:29","guid":{"rendered":"https:\/\/kodmalopolska.pl\/?p=11281"},"modified":"2019-04-24T21:55:04","modified_gmt":"2019-04-24T19:55:04","slug":"obywatelska-kontrola-wyborow-2","status":"publish","type":"post","link":"https:\/\/kodmalopolska.pl\/?p=11281","title":{"rendered":"Obywatelska Kontrola Wybor\u00f3w"},"content":{"rendered":"<h2 style=\"text-align: center;\"><strong>Jako aktywni obywatele zweryfikujemy wyniki i spos\u00f3b przeprowadzenia wybor\u00f3w do Parlamentu Europejskiego<br \/>\n26 maja 2019 niezale\u017cnie od oficjalnego, pa\u0144stwowego systemu wyborczego<\/strong><\/h2>\n<p style=\"text-align: center;\">DO\u0141\u0104CZ DO NAS!\u00a0<a href=\"https:\/\/l.facebook.com\/l.php?u=http%3A%2F%2Fokw.info.pl%2F&amp;h=ATOYSY99IzRpnTP0F4mc__6PTFNh5RHacyjK9ViYBOHNbDjVo39XenrjjjOz-88KcdlvlCSnzcyXrSIkjWX8xtmCYfVpYBHpUVO_gnkgjD158NvKFJTm5MmzF0XM4RGNDewWyT4NEwI2Nc3Kq5v3cFyytpCKtFEAmtE1t0ZX910aoqPBYR1O6f3dNeyhivjdQNzmS1keJe_4wWIzv2Qs_LsH4f-ufl7i7Vq2hSoJzYm04lGrCHlARK7HteNE3Bw73warjN4nTw\" target=\"_blank\" rel=\"noopener nofollow\" data-ft=\"{&quot;tn&quot;:&quot;-U&quot;}\" data-lynx-mode=\"async\">http:\/\/okw.info.pl\/<\/a><\/p>\n<p><strong>Co nas zmusza do takiego dzia\u0142ania?\u00a0<\/strong><\/p>\n<ul>\n<li><span class=\"text_exposed_show\">Brak poszanowania zasad konstytucyjnych przez aktualnie sprawuj\u0105cych rz\u0105dy, a tym samym zasad prawa i obawa, \u017ce tak samo potraktowane b\u0119dzie prawo wyborcze je\u017celi wynik wybor\u00f3w nie b\u0119dzie korzystny dla aktualnie rz\u0105dz\u0105cych;<\/span><\/li>\n<li><span class=\"text_exposed_show\">Naginanie prawa i parlamentarnego obyczaju w interpretacji zapis\u00f3w oraz procedowaniu ustaw odnosz\u0105cych si\u0119 zw\u0142aszcza do akt\u00f3w ustrojowych;<\/span><\/li>\n<li><span class=\"text_exposed_show\">Post\u0119puj\u0105ce zaw\u0142aszczanie aparatu s\u0105downiczego, w kt\u00f3rego r\u0119kach b\u0119dzie ostatecznie znajdowa\u0107 si\u0119 potwierdzenie wa\u017cno\u015bci zbli\u017caj\u0105cych si\u0119 wybor\u00f3w;<\/span><\/li>\n<li><span class=\"text_exposed_show\">\u015awiadome i dokonywane z premedytacj\u0105 manipulowanie opini\u0105 publiczn\u0105 przy pomocy wszelkich dost\u0119pnych \u015brodk\u00f3w przekazu, co zagra\u017ca rzetelnemu i zgodnemu z prawem i obyczajem przebiegowi kampanii wyborczej;<\/span><\/li>\n<li><span class=\"text_exposed_show\">Wchodz\u0105ce w \u017cycie zmiany w ordynacji wyborczej, gro\u017c\u0105ce organizacyjnym chaosem przy samych wyborach i tym samym otwieraj\u0105ce pole do mo\u017cliwo\u015bci manipulacji wynikiem wyborczym.<\/span><\/li>\n<\/ul>\n<p>Odpowiedzi\u0105 na powy\u017csze powinna by\u0107 aktywno\u015b\u0107 zwi\u0105zana z kontrolowaniem procesu wyborczego przy wykorzystaniu wszystkich dost\u0119pnych prawem mo\u017cliwo\u015bci, w tym przede wszystkim ostatnich zmian poszerzaj\u0105cych znacznie mo\u017cliwo\u015bci kontroli przez \u201eczynnik spo\u0142eczny\u201d.<\/p>\n<div class=\"text_exposed_show\">\n<p>Naszym celem jest obsadzenie jak najwi\u0119kszej ilo\u015bci komisji w ca\u0142ej Polsce osobami gotowymi pe\u0142ni\u0107 rol\u0119 Obserwator\u00f3w Spo\u0142ecznych, M\u0119\u017c\u00f3w Zaufania oraz cz\u0142onk\u00f3w komisji wyborczych.<\/p>\n<p>Strona internetowa projektu na kt\u00f3rej mo\u017cna zg\u0142asza\u0107 sw\u00f3j udzia\u0142:\u00a0<a href=\"https:\/\/l.facebook.com\/l.php?u=http%3A%2F%2Fwww.okw.info.pl%2F&amp;h=ATPJuyTRl_1dpZUV3yV3MswqD5NBmMMfPdStpMhkw8a_uUMl3jCY3-x1XYWxliq3popSKaisVOPpQEi8WjEoMB3RL2HSbMReBMeEO0LSLXSxIZbiL7swrYgpneXuPOISlxZ20UGwpitFLmACSqeBpYJFIXeWDDD8XJo4zWd9FrNWbhiGI6sN9HGH5ka1e79EXmsD4BNcGedcLxSPuevoO3xQ5qOGqISTcl1Wk8GXTgKR1kEMis5BoPu4PcWGavB4w3Sj6aDUlg\" target=\"_blank\" rel=\"noopener nofollow\" data-ft=\"{&quot;tn&quot;:&quot;-U&quot;}\" data-lynx-mode=\"async\">www.okw.info.pl<\/a><\/p>\n<p><strong>OKW Ma\u0142opolskie:<\/strong><\/p>\n<p><em>Koordynator:<\/em>\u00a0 Micha\u0142 Le\u015bniak<br \/>\n<em>Adres e-mail:<\/em>\u00a0 <a href=\"mailto:Bartlomiej.Swaczyna@ruchkod.pl\">Michal.Lesniak@ruchkod.pl<\/a><\/p>\n<p><strong>Biuro Regionalne KOD Ma\u0142opolska<\/strong>:<\/p>\n<p>ul. Tadeusza Ko\u015bciuszki 74\/13, 30-114 Krak\u00f3w<br \/>\n<em>Godziny otwarcia biura:<\/em>\u00a0 poniedzia\u0142ek-pi\u0105tek 16.00-19.00<br \/>\n<em>Telefon do biura:<\/em>\u00a0 729 055 220<\/p>\n<\/div>\n","protected":false},"excerpt":{"rendered":"<p>Jako aktywni obywatele zweryfikujemy wyniki i spos\u00f3b przeprowadzenia wybor\u00f3w do Parlamentu Europejskiego 26 maja 2019 niezale\u017cnie od oficjalnego, pa\u0144stwowego systemu [&#8230;]<\/p>\n","protected":false},"author":11,"featured_media":8917,"comment_status":"closed","ping_status":"open","sticky":false,"template":"","format":"standard","meta":{"_EventAllDay":false,"_EventTimezone":"","_EventStartDate":"","_EventEndDate":"","_EventStartDateUTC":"","_EventEndDateUTC":"","_EventShowMap":false,"_EventShowMapLink":false,"_EventURL":"","_EventCost":"","_EventCostDescription":"","_EventCurrencySymbol":"","_EventCurrencyCode":"","_EventCurrencyPosition":"","_EventDateTimeSeparator":"","_EventTimeRangeSeparator":"","_EventOrganizerID":[],"_EventVenueID":[],"_OrganizerEmail":"","_OrganizerPhone":"","_OrganizerWebsite":"","_VenueAddress":"","_VenueCity":"","_VenueCountry":"","_VenueProvince":"","_VenueState":"","_VenueZip":"","_VenuePhone":"","_VenueURL":"","_VenueStateProvince":"","_VenueLat":"","_VenueLng":"","_VenueShowMap":false,"_VenueShowMapLink":false,"footnotes":""},"categories":[28],"tags":[171,297,514],"class_list":["post-11281","post","type-post","status-publish","format-standard","has-post-thumbnail","hentry","category-malopolskie-news","tag-kod","tag-kod-malopolska","tag-okw","malopolskie-news"],"_links":{"self":[{"href":"https:\/\/kodmalopolska.pl\/index.php?rest_route=\/wp\/v2\/posts\/11281","targetHints":{"allow":["GET"]}}],"collection":[{"href":"https:\/\/kodmalopolska.pl\/index.php?rest_route=\/wp\/v2\/posts"}],"about":[{"href":"https:\/\/kodmalopolska.pl\/index.php?rest_route=\/wp\/v2\/types\/post"}],"author":[{"embeddable":true,"href":"https:\/\/kodmalopolska.pl\/index.php?rest_route=\/wp\/v2\/users\/11"}],"replies":[{"embeddable":true,"href":"https:\/\/kodmalopolska.pl\/index.php?rest_route=%2Fwp%2Fv2%2Fcomments&post=11281"}],"version-history":[{"count":0,"href":"https:\/\/kodmalopolska.pl\/index.php?rest_route=\/wp\/v2\/posts\/11281\/revisions"}],"wp:featuredmedia":[{"embeddable":true,"href":"https:\/\/kodmalopolska.pl\/index.php?rest_route=\/wp\/v2\/media\/8917"}],"wp:attachment":[{"href":"https:\/\/kodmalopolska.pl\/index.php?rest_route=%2Fwp%2Fv2%2Fmedia&parent=11281"}],"wp:term":[{"taxonomy":"category","embeddable":true,"href":"https:\/\/kodmalopolska.pl\/index.php?rest_route=%2Fwp%2Fv2%2Fcategories&post=11281"},{"taxonomy":"post_tag","embeddable":true,"href":"https:\/\/kodmalopolska.pl\/index.php?rest_route=%2Fwp%2Fv2%2Ftags&post=11281"}],"curies":[{"name":"wp","href":"https:\/\/api.w.org\/{rel}","templated":true}]}}