{"id":11252,"date":"2019-04-08T19:25:36","date_gmt":"2019-04-08T17:25:36","guid":{"rendered":"https:\/\/kodmalopolska.pl\/?p=11252"},"modified":"2019-04-08T19:29:18","modified_gmt":"2019-04-08T17:29:18","slug":"oswiadczenie-zr-w-sprawie-strajku-nauczycieli","status":"publish","type":"post","link":"https:\/\/kodmalopolska.pl\/?p=11252","title":{"rendered":"O\u015bwiadczenie ZR w sprawie strajku nauczycieli"},"content":{"rendered":"<p>Jako Zarz\u0105d Regionu Ma\u0142opolskie Komitetu Obrony Demokracji wyra\u017camy poparcie dla trwaj\u0105cego protestu nauczycieli. Uwa\u017camy, \u017ce realizacja postulatu zwi\u0119kszenia wynagrodze\u0144 nauczycieli jest niezb\u0119dna nie tylko ze wzgl\u0119du na konieczno\u015b\u0107 zapewnienia elementarnej godno\u015bci pracy w zawodzie, ale r\u00f3wnie\u017c ze wzgl\u0119du na pogarszaj\u0105cy si\u0119 dost\u0119p do nauki oraz pogorszenie jej jako\u015bci, wynikaj\u0105ce z brak\u00f3w kadrowych oraz przepracowania nauczycieli zmuszonych do podejmowania pracy na wi\u0119cej ni\u017c jednym etacie. Ponadto nale\u017cy przypomnie\u0107, \u017ce wprowadzane od 2015 r. zmiany w systemie edukacji doprowadzi\u0142y do znacz\u0105cego pogorszenia\u00a0 warunk\u00f3w pracy pracownik\u00f3w szk\u00f3\u0142\u00a0 (np. pog\u0142\u0119bienia problemu braku stanowisk pracy na terenie plac\u00f3wek ze wzgl\u0119du na konieczno\u015b\u0107 zamiany cz\u0119\u015bci pokoj\u00f3w nauczycielskich czy czytelni na sale dydaktyczne).<\/p>\n<p>Cho\u0107 oczywistym jest ci\u0105\u017c\u0105cy na Rz\u0105dzie RP obowi\u0105zek troski o stan bud\u017cetu pa\u0144stwa, to dotychczasowa praktyka redystrybucji \u015brodk\u00f3w publicznych przede wszystkim wed\u0142ug kryterium zysku politycznego partii rz\u0105dz\u0105cej wskazuje, \u017ce argument odnosz\u0105cy si\u0119 do stanu finans\u00f3w pa\u0144stwa jest stosowany instrumentalnie.<\/p>\n<p>Poniewa\u017c od rzetelnej edukacji uzale\u017cniona jest w najwy\u017cszym stopniu \u015bwiadomo\u015b\u0107 obywatelska dorastaj\u0105cych pokole\u0144, w tym r\u00f3wnie\u017c ich wiedza na temat regu\u0142 praworz\u0105dno\u015bci oraz mechanizm\u00f3w w\u0142adzy i jej kontroli w pa\u0144stwie prawa, uznajemy za konieczne powszechne wsparcie trwaj\u0105cego protestu nauczycieli.<\/p>\n<p>&nbsp;<\/p>\n<p>Uchwa\u0142a: <a href=\"https:\/\/kodmalopolska.pl\/wp-content\/uploads\/2019\/04\/uchwa\u0142a-w-sprawie-poparcia-strajku-nauczycieli2.pdf\">link do uchwa\u0142y [kliknij]<\/a><\/p>\n","protected":false},"excerpt":{"rendered":"<p>Jako Zarz\u0105d Regionu Ma\u0142opolskie Komitetu Obrony Demokracji wyra\u017camy poparcie dla trwaj\u0105cego protestu nauczycieli. Uwa\u017camy, \u017ce realizacja postulatu zwi\u0119kszenia wynagrodze\u0144 nauczycieli [&#8230;]<\/p>\n","protected":false},"author":24,"featured_media":11254,"comment_status":"closed","ping_status":"open","sticky":false,"template":"","format":"standard","meta":{"_EventAllDay":false,"_EventTimezone":"","_EventStartDate":"","_EventEndDate":"","_EventStartDateUTC":"","_EventEndDateUTC":"","_EventShowMap":false,"_EventShowMapLink":false,"_EventURL":"","_EventCost":"","_EventCostDescription":"","_EventCurrencySymbol":"","_EventCurrencyCode":"","_EventCurrencyPosition":"","_EventDateTimeSeparator":"","_EventTimeRangeSeparator":"","_EventOrganizerID":[],"_EventVenueID":[],"_OrganizerEmail":"","_OrganizerPhone":"","_OrganizerWebsite":"","_VenueAddress":"","_VenueCity":"","_VenueCountry":"","_VenueProvince":"","_VenueState":"","_VenueZip":"","_VenuePhone":"","_VenueURL":"","_VenueStateProvince":"","_VenueLat":"","_VenueLng":"","_VenueShowMap":false,"_VenueShowMapLink":false,"footnotes":""},"categories":[294],"tags":[448],"class_list":["post-11252","post","type-post","status-publish","format-standard","has-post-thumbnail","hentry","category-komunikaty","tag-oswiadczenie","komunikaty"],"_links":{"self":[{"href":"https:\/\/kodmalopolska.pl\/index.php?rest_route=\/wp\/v2\/posts\/11252","targetHints":{"allow":["GET"]}}],"collection":[{"href":"https:\/\/kodmalopolska.pl\/index.php?rest_route=\/wp\/v2\/posts"}],"about":[{"href":"https:\/\/kodmalopolska.pl\/index.php?rest_route=\/wp\/v2\/types\/post"}],"author":[{"embeddable":true,"href":"https:\/\/kodmalopolska.pl\/index.php?rest_route=\/wp\/v2\/users\/24"}],"replies":[{"embeddable":true,"href":"https:\/\/kodmalopolska.pl\/index.php?rest_route=%2Fwp%2Fv2%2Fcomments&post=11252"}],"version-history":[{"count":0,"href":"https:\/\/kodmalopolska.pl\/index.php?rest_route=\/wp\/v2\/posts\/11252\/revisions"}],"wp:featuredmedia":[{"embeddable":true,"href":"https:\/\/kodmalopolska.pl\/index.php?rest_route=\/wp\/v2\/media\/11254"}],"wp:attachment":[{"href":"https:\/\/kodmalopolska.pl\/index.php?rest_route=%2Fwp%2Fv2%2Fmedia&parent=11252"}],"wp:term":[{"taxonomy":"category","embeddable":true,"href":"https:\/\/kodmalopolska.pl\/index.php?rest_route=%2Fwp%2Fv2%2Fcategories&post=11252"},{"taxonomy":"post_tag","embeddable":true,"href":"https:\/\/kodmalopolska.pl\/index.php?rest_route=%2Fwp%2Fv2%2Ftags&post=11252"}],"curies":[{"name":"wp","href":"https:\/\/api.w.org\/{rel}","templated":true}]}}