{"id":10151,"date":"2018-09-14T00:23:39","date_gmt":"2018-09-13T22:23:39","guid":{"rendered":"https:\/\/kodmalopolska.pl\/?p=10151"},"modified":"2018-09-14T00:27:20","modified_gmt":"2018-09-13T22:27:20","slug":"oswiadczenie-zarzadu-kod-malopolska-w-sprawie-agresywnego-wpisu-radnego-ryszarda-majdzika","status":"publish","type":"post","link":"https:\/\/kodmalopolska.pl\/?p=10151","title":{"rendered":"O\u015bwiadczenie Zarz\u0105du KOD Region Ma\u0142opolska w sprawie agresywnego wpisu radnego Ryszarda Majdzika"},"content":{"rendered":"<p>Zarz\u0105d KOD-u Regionu Ma\u0142opolska jest oburzony wulgarnym atakiem radnego Ryszarda Majdzika na nasz\u0105 dzia\u0142aczk\u0119 pani\u0105 Iren\u0119 Chomin. Takimi dzia\u0142aniami nacechowanymi pogard\u0105 i nienawi\u015bci\u0105 wobec ludzi inaczej my\u015bl\u0105cych radny Majdzik przekre\u015bla ca\u0142\u0105 swoj\u0105 przesz\u0142o\u015b\u0107 z czas\u00f3w antykomunistycznej opozycji, opowiadaj\u0105c si\u0119 w\u0142a\u015bnie za tym, przeciwko czemu w\u00f3wczas walczy\u0142. Czyni to w spos\u00f3b, kt\u00f3ry ma wywo\u0142a\u0107 strach w\u015br\u00f3d dzia\u0142aczy organizacji demokratycznych. Tacy ludzie jak radny Majdzik niszcz\u0105 wsp\u00f3lnot\u0119 obywatelsk\u0105 w Polsce. Pr\u00f3bami zastraszania, nawet tak ohydnymi, nie pozbawi si\u0119 nas jednak woli dzia\u0142ania w interesie demokratycznej i europejskiej ojczyzny. Wzywamy Ryszarda Majdzika, by si\u0119 opami\u0119ta\u0142 i przeprosi\u0142 dzia\u0142aczk\u0119 KOD-u Ma\u0142opolska Iren\u0119 Chomin. Zarz\u0105d KOD-u Regionu Ma\u0142opolska wspiera i solidaryzuje si\u0119 z Iren\u0105, dzi\u0119kuj\u0105c jej za wk\u0142ad w obron\u0119 demokracji w Polsce.<\/p>\n<p>Link do wpisu Ryszarda Majdzika:<\/p>\n<p><a href=\"https:\/\/www.facebook.com\/ryszard.majdzik\/posts\/10212044636820231?__xts__%5B0%5D=68.ARAjX041yKDgh-a7zk6WE5W4w9H6EYx6SeWUjRaP9U3uHR_tetnV8qEZXTkMsi3ET3eu6it4gOPLTrFiUxiCNYSkWDto76sRkI8zD2rwUXOSMFR7ffdz9SOVkYL0JAV_m-JYphwBpclXPoWSoGxzq9viA8QI2bwUNvi7O3CCcv4-KLT_iJFh52Y&amp;__tn__=-R\" target=\"_blank\" rel=\"noopener noreferrer\">\u00a0https:\/\/www.facebook.com\/ryszard.majdzik\/posts\/10212044636820231?__xts__%5B0%5D=68.ARAjX041yKDgh-a7zk6WE5W4w9H6EYx6SeWUjRaP9U3uHR_tetnV8qEZXTkMsi3ET3eu6it4gOPLTrFiUxiCNYSkWDto76sRkI8zD2rwUXOSMFR7ffdz9SOVkYL0JAV_m-JYphwBpclXPoWSoGxzq9viA8QI2bwUNvi7O3CCcv4-KLT_iJFh52Y&amp;__tn__=-R<\/a><\/p>\n<p>&nbsp;<\/p>\n","protected":false},"excerpt":{"rendered":"<p>Zarz\u0105d KOD-u Regionu Ma\u0142opolska jest oburzony wulgarnym atakiem radnego Ryszarda Majdzika na nasz\u0105 dzia\u0142aczk\u0119 pani\u0105 Iren\u0119 Chomin. Takimi dzia\u0142aniami nacechowanymi [&#8230;]<\/p>\n","protected":false},"author":31,"featured_media":10152,"comment_status":"closed","ping_status":"open","sticky":false,"template":"","format":"standard","meta":{"_EventAllDay":false,"_EventTimezone":"","_EventStartDate":"","_EventEndDate":"","_EventStartDateUTC":"","_EventEndDateUTC":"","_EventShowMap":false,"_EventShowMapLink":false,"_EventURL":"","_EventCost":"","_EventCostDescription":"","_EventCurrencySymbol":"","_EventCurrencyCode":"","_EventCurrencyPosition":"","_EventDateTimeSeparator":"","_EventTimeRangeSeparator":"","_EventOrganizerID":[],"_EventVenueID":[],"_OrganizerEmail":"","_OrganizerPhone":"","_OrganizerWebsite":"","_VenueAddress":"","_VenueCity":"","_VenueCountry":"","_VenueProvince":"","_VenueState":"","_VenueZip":"","_VenuePhone":"","_VenueURL":"","_VenueStateProvince":"","_VenueLat":"","_VenueLng":"","_VenueShowMap":false,"_VenueShowMapLink":false,"footnotes":""},"categories":[294],"tags":[],"class_list":["post-10151","post","type-post","status-publish","format-standard","has-post-thumbnail","hentry","category-komunikaty","komunikaty"],"_links":{"self":[{"href":"https:\/\/kodmalopolska.pl\/index.php?rest_route=\/wp\/v2\/posts\/10151","targetHints":{"allow":["GET"]}}],"collection":[{"href":"https:\/\/kodmalopolska.pl\/index.php?rest_route=\/wp\/v2\/posts"}],"about":[{"href":"https:\/\/kodmalopolska.pl\/index.php?rest_route=\/wp\/v2\/types\/post"}],"author":[{"embeddable":true,"href":"https:\/\/kodmalopolska.pl\/index.php?rest_route=\/wp\/v2\/users\/31"}],"replies":[{"embeddable":true,"href":"https:\/\/kodmalopolska.pl\/index.php?rest_route=%2Fwp%2Fv2%2Fcomments&post=10151"}],"version-history":[{"count":0,"href":"https:\/\/kodmalopolska.pl\/index.php?rest_route=\/wp\/v2\/posts\/10151\/revisions"}],"wp:featuredmedia":[{"embeddable":true,"href":"https:\/\/kodmalopolska.pl\/index.php?rest_route=\/wp\/v2\/media\/10152"}],"wp:attachment":[{"href":"https:\/\/kodmalopolska.pl\/index.php?rest_route=%2Fwp%2Fv2%2Fmedia&parent=10151"}],"wp:term":[{"taxonomy":"category","embeddable":true,"href":"https:\/\/kodmalopolska.pl\/index.php?rest_route=%2Fwp%2Fv2%2Fcategories&post=10151"},{"taxonomy":"post_tag","embeddable":true,"href":"https:\/\/kodmalopolska.pl\/index.php?rest_route=%2Fwp%2Fv2%2Ftags&post=10151"}],"curies":[{"name":"wp","href":"https:\/\/api.w.org\/{rel}","templated":true}]}}